{"id":25761,"date":"2023-08-25T16:45:43","date_gmt":"2023-08-25T19:45:43","guid":{"rendered":"https:\/\/chacosintesis.com.ar\/?p=25761"},"modified":"2023-08-25T17:06:47","modified_gmt":"2023-08-25T20:06:47","slug":"bienal-de-artes-en-saenz-pena-dos-ultimas-jornadas-para-disfrutar-la-produccion-artistica-del-chaco","status":"publish","type":"post","link":"https:\/\/chacosintesis.com.ar\/index.php\/bienal-de-artes-en-saenz-pena-dos-ultimas-jornadas-para-disfrutar-la-produccion-artistica-del-chaco\/","title":{"rendered":"Bienal de Artes en S\u00e1enz Pe\u00f1a: dos \u00faltimas jornadas para disfrutar la producci\u00f3n art\u00edstica del Chaco"},"content":{"rendered":"<div class=\"postie-post\">Este viernes y s\u00e1bado ser\u00e1n dos d\u00edas llenos de m\u00fasica, danza, teatro, artes urbanas y visuales. El evento se desarrolla en el Centro C\u00edvico Social y Cultural (ex Ferichaco).<br \/>\nEsta Bienal visibiliza la prol\u00edfica producci\u00f3n art\u00edstica del Chaco y estimula nuevas producciones mediante el intercambio de experiencias y espacios de formaci\u00f3n. Concebida en clave de diversidad e interculturalidad, integra 25 proyectos de S\u00e1enz Pe\u00f1a, Resistencia, Bermejito, Puerto Vilelas, Colonia Ben\u00edtez y Villa Berthet.<br \/>\nLa importante participaci\u00f3n de las culturas urbanas juveniles, el esp\u00edritu autogestivo y la exploraci\u00f3n de l\u00edmites en las artes esc\u00e9nicas, distinguen a los proyectos seleccionados.<br \/>\nLos trabajos producidos se donar\u00e1n a la Liga Argentina de Lucha contra el C\u00e1ncer (LALCEC) S\u00e1enz Pe\u00f1a, para subastarlos y recaudar fondos.<br \/>\nHabr\u00e1 tambi\u00e9n corredor de artesan\u00edas y sector gastron\u00f3mico para emprendedores locales; y durante la ma\u00f1ana y la siesta habr\u00e1 30 talleres de artes para escuelas primarias y secundarias, y con modalidad en educaci\u00f3n especial.<br \/>\nPrograma<br \/>\nJueves 24, viernes 25 y s\u00e1bado 26<br \/>\n10 a 12.30 y 15 a 20 \u2013 Arte p\u00fablico en vivo<br \/>\nChaco Stylo: La calle como red social. Resistencia<br \/>\nMemoria de un hombre criollo. S\u00e1enz Pe\u00f1a<br \/>\nLlamada. S\u00e1enz Pe\u00f1a<br \/>\nPortal de animalidades del Chacu Paranaensis. Villa Berthet<br \/>\nAncestrales. S\u00e1enz Pe\u00f1a<br \/>\nMis derechos en democracia. S\u00e1enz Pe\u00f1a<br \/>\nNovike: sonido ancestral, Desde la tierra madre homenaje a Claudio Largo \u2013  Huasoxoye. Villa R\u00edo Bermejito<br \/>\nViernes 25<br \/>\nDesde las 17 \u2013 Escenario Cerrado<br \/>\nTras las huellas de Terpsicores. S\u00e1enz Pe\u00f1a. Teatro<br \/>\nGallo Ciego. S\u00e1enz Pe\u00f1a. Teatro<br \/>\nDesde las 19 \u2013  Escenario Aire Libre<br \/>\nNauoxo. Resistencia. M\u00fasica<br \/>\nCreciendo Juntos. Pto. Vilelas. Danza<br \/>\nRimas Chaque\u00f1as. S\u00e1enz Pe\u00f1a. M\u00fasica<br \/>\nLos Secuaces. S\u00e1enz Pe\u00f1a. M\u00fasica<br \/>\nChaco Stylo: La Calle Como Red Social. Resistencia. Urbano<br \/>\nViento Norte. Resistencia. M\u00fasica<br \/>\nS\u00e1bado 26<br \/>\nDesde las 17 \u2013 Escenario Cerrado<br \/>\nLeones.  S\u00e1enz Pe\u00f1a. Teatro Infantil<br \/>\nDe piel y hueso. S\u00e1enz Pe\u00f1a. Danza<br \/>\nEstudio Art\u00edstico Lucila Avalos. S\u00e1enz Pe\u00f1a. Danza<br \/>\nDesde las 19 \u2013  Escenario Aire Libre<br \/>\nCapit\u00e1n Teuco. Resistencia. M\u00fasica<br \/>\nJazzsuite. Resistencia. Danza<br \/>\nLalo Aguilar. Colonia Ben\u00edtez. M\u00fasica<br \/>\nMonster Crew. S\u00e1enz Pe\u00f1a. Danza<br \/>\nThe Chinchudos. S\u00e1enz Pe\u00f1a. M\u00fasica<br \/>\nLa Nueva Onda. S\u00e1enz Pe\u00f1a. M\u00fasica<br \/>\nMiloo Moya. Bs.As. M\u00fasica<br \/>\n<<a href=\"http:\/\/www.avg.com\/email-signature?utm_medium=email&#038;utm_source=link&#038;utm_campaign=sig-email&#038;utm_content=webmail\">www.avg.com\/email-signature?utm_medium=email&amp;utm_source=link&amp;utm_campaign=sig-email&amp;utm_content=webmail<\/a>> Libre de virus.www.avg.com <<a href=\"http:\/\/www.avg.com\/email-signature?utm_medium=email&#038;utm_source=link&#038;utm_campaign=sig-email&#038;utm_content=webmail\">www.avg.com\/email-signature?utm_medium=email&amp;utm_source=link&amp;utm_campaign=sig-email&amp;utm_content=webmail<\/a>> <#DAB4FAD8-2DD7-40BB-A1B8-4E2AA1F9FDF2><\/div>\n","protected":false},"excerpt":{"rendered":"<p>Este viernes y s\u00e1bado ser\u00e1n dos d\u00edas llenos de m\u00fasica, danza, teatro, artes urbanas y visuales. El evento se desarrolla en el Centro C\u00edvico Social y Cultural (ex Ferichaco). Esta Bienal visibiliza la prol\u00edfica producci\u00f3n art\u00edstica del Chaco y estimula nuevas producciones mediante el intercambio de experiencias y espacios de formaci\u00f3n. Concebida en clave de [&hellip;]<\/p>\n","protected":false},"author":1,"featured_media":25762,"comment_status":"closed","ping_status":"closed","sticky":false,"template":"","format":"standard","meta":{"footnotes":""},"categories":[6],"tags":[],"class_list":{"0":"post-25761","1":"post","2":"type-post","3":"status-publish","4":"format-standard","5":"has-post-thumbnail","7":"category-chaco"},"_links":{"self":[{"href":"https:\/\/chacosintesis.com.ar\/index.php\/wp-json\/wp\/v2\/posts\/25761","targetHints":{"allow":["GET"]}}],"collection":[{"href":"https:\/\/chacosintesis.com.ar\/index.php\/wp-json\/wp\/v2\/posts"}],"about":[{"href":"https:\/\/chacosintesis.com.ar\/index.php\/wp-json\/wp\/v2\/types\/post"}],"author":[{"embeddable":true,"href":"https:\/\/chacosintesis.com.ar\/index.php\/wp-json\/wp\/v2\/users\/1"}],"replies":[{"embeddable":true,"href":"https:\/\/chacosintesis.com.ar\/index.php\/wp-json\/wp\/v2\/comments?post=25761"}],"version-history":[{"count":0,"href":"https:\/\/chacosintesis.com.ar\/index.php\/wp-json\/wp\/v2\/posts\/25761\/revisions"}],"wp:featuredmedia":[{"embeddable":true,"href":"https:\/\/chacosintesis.com.ar\/index.php\/wp-json\/wp\/v2\/media\/25762"}],"wp:attachment":[{"href":"https:\/\/chacosintesis.com.ar\/index.php\/wp-json\/wp\/v2\/media?parent=25761"}],"wp:term":[{"taxonomy":"category","embeddable":true,"href":"https:\/\/chacosintesis.com.ar\/index.php\/wp-json\/wp\/v2\/categories?post=25761"},{"taxonomy":"post_tag","embeddable":true,"href":"https:\/\/chacosintesis.com.ar\/index.php\/wp-json\/wp\/v2\/tags?post=25761"}],"curies":[{"name":"wp","href":"https:\/\/api.w.org\/{rel}","templated":true}]}}