{"id":25755,"date":"2023-08-25T16:13:47","date_gmt":"2023-08-25T19:13:47","guid":{"rendered":"https:\/\/chacosintesis.com.ar\/?p=25755"},"modified":"2023-08-25T16:36:55","modified_gmt":"2023-08-25T19:36:55","slug":"mas-inversion-en-villa-berthet-edificio-de-la-escuela-secundaria-n202-pavimento-e-infraestructura-deportiva","status":"publish","type":"post","link":"https:\/\/chacosintesis.com.ar\/index.php\/mas-inversion-en-villa-berthet-edificio-de-la-escuela-secundaria-n202-pavimento-e-infraestructura-deportiva\/","title":{"rendered":"M\u00e1s inversi\u00f3n en Villa Berthet: edificio de la Escuela Secundaria N\u00b0202, pavimento e infraestructura deportiva"},"content":{"rendered":"<div class=\"postie-post\">El gobierno invirti\u00f3 489 millones de pesos para ejecutar las tres obras. &#8220;La infraestructura es clave para garantizar la inclusi\u00f3n y la equidad social&#8221;, dijo el gobernador Capitanich.<br \/>\nEn Villa Berthet, el gobernador Jorge Capitanich inaugur\u00f3 este viernes el nuevo edificio de la Escuela Secundaria N\u00b0202, 20 cuadras de pavimento y un SUM en el Club Cooperativa, donde adem\u00e1s entreg\u00f3 elementos deportivos. \u201cSeguimos transformando la ciudad y mejorando la calidad de vida de vecinos y vecinas\u201d, asegur\u00f3.<br \/>\nEl edificio de la EES N\u00b0202, demand\u00f3 una inversi\u00f3n de $228.249.530 (obra $202.849.530,25 y mobiliario 25.400.000,00), a trav\u00e9s del Fondo 37 del Ministerio de Educaci\u00f3n, Cultura, Ciencia y Tecnolog\u00eda. \u201cEs una gran obra, infraestructura escolar de excelencia que albergar\u00e1 a m\u00e1s de 200 alumnos y alumnas\u201d, indic\u00f3 el mandatario.<br \/>\n\u201cEn tres mandatos constitucionales construimos m\u00e1s de 820 escuelas y llevamos adelante 2.500 intervenciones de distinta \u00edndole\u201d, resalt\u00f3 Capitanich, y sostuvo: \u201cla infraestructura escolar es clave para la inclusi\u00f3n social educativa, para garantizar igualdad de oportunidades, pero el desaf\u00edo es generar una educaci\u00f3n con calidad, lo que implica gran compromiso y esfuerzo\u201d.<br \/>\nEl intendente German Honcheruk dijo que se trata de una obra &#8220;que cost\u00f3 mucho, se paraliz\u00f3 en 2015 durante el gobierno de Macri pero la retomamos junto al gobernador&#8221;. &#8220;Va a generar mejor calidad de trabajo para los docentes y mejores condiciones de educaci\u00f3n para los ni\u00f1os\u201d, afirm\u00f3.<br \/>\nEl jefe comunal destac\u00f3 las distintas obras que se llevan adelante en la localidad, las inauguradas en la jornada adem\u00e1s del edificio escolar, el pavimento y el SUM, y otras como viviendas en ejecuci\u00f3n. \u201cSin el acompa\u00f1amiento y el trabajo incansable de nuestro gobernador esto no hubiera sido posible\u201d, asegur\u00f3.<br \/>\nEl ministro de Educaci\u00f3n, Aldo Lineras, coment\u00f3 que hasta fin de a\u00f1o todav\u00eda restan por inaugurarse aproximadamente 50 obras, gracias al plan que llevan en conjunto los ministerios de Planificaci\u00f3n, Econom\u00eda e Infraestructura y de Educaci\u00f3n. S\u00f3lo en esta tercera gesti\u00f3n del gobernador Capitanich se concretar\u00e1n 180 obras entre nuevas, ampliadas y refaccionadas.<br \/>\nTambi\u00e9n acompa\u00f1aron este acto el subsecretario de Infraestructura Escolar, Pablo Aguirre, el director Regional 9, Ram\u00f3n Alvarez, y el administrador de la DPV, Hugo Varela.<br \/>\nM\u00e1s pavimento y nuevo SUM<br \/>\nEn la jornada, el gobernador inaugur\u00f3 20 cuadras de pavimento en la avenida Independencia. La obra demand\u00f3 una inversi\u00f3n de $197.267.952 a trav\u00e9s de un convenio entre el municipio y la Direcci\u00f3n de Vialidad Provincial.<br \/>\n\u201cEn esta ciudad ya concretamos m\u00e1s de 300 cuadras de pavimento con distintas operatorias de financiamiento. M\u00e1s del 70% de las cuadras ya tienen pavimento y eso es un orgullo\u201d, resalt\u00f3 Capitanich.<br \/>\nMientras que en la inauguraci\u00f3n del SUM en el Club Cooperativa destac\u00f3 el papel de la instituci\u00f3n en la comunidad, al que asisten cerca de 400 ni\u00f1os, j\u00f3venes y adultos. La obra tuvo una inversi\u00f3n de $64.156.247. \u201cEn los \u00faltimos cuatro a\u00f1os, hemos invertido en cerca de 500 instituciones deportivas con m\u00e1s de 13 mil 500 millones de pesos\u201d, enfatiz\u00f3 el gobernador.<br \/>\n<<a href=\"http:\/\/www.avg.com\/email-signature?utm_medium=email&#038;utm_source=link&#038;utm_campaign=sig-email&#038;utm_content=webmail\">www.avg.com\/email-signature?utm_medium=email&amp;utm_source=link&amp;utm_campaign=sig-email&amp;utm_content=webmail<\/a>> Libre de virus.www.avg.com <<a href=\"http:\/\/www.avg.com\/email-signature?utm_medium=email&#038;utm_source=link&#038;utm_campaign=sig-email&#038;utm_content=webmail\">www.avg.com\/email-signature?utm_medium=email&amp;utm_source=link&amp;utm_campaign=sig-email&amp;utm_content=webmail<\/a>> <#DAB4FAD8-2DD7-40BB-A1B8-4E2AA1F9FDF2><\/div>\n","protected":false},"excerpt":{"rendered":"<p>El gobierno invirti\u00f3 489 millones de pesos para ejecutar las tres obras. &#8220;La infraestructura es clave para garantizar la inclusi\u00f3n y la equidad social&#8221;, dijo el gobernador Capitanich. En Villa Berthet, el gobernador Jorge Capitanich inaugur\u00f3 este viernes el nuevo edificio de la Escuela Secundaria N\u00b0202, 20 cuadras de pavimento y un SUM en el [&hellip;]<\/p>\n","protected":false},"author":1,"featured_media":25756,"comment_status":"closed","ping_status":"closed","sticky":false,"template":"","format":"standard","meta":{"footnotes":""},"categories":[6],"tags":[],"class_list":{"0":"post-25755","1":"post","2":"type-post","3":"status-publish","4":"format-standard","5":"has-post-thumbnail","7":"category-chaco"},"_links":{"self":[{"href":"https:\/\/chacosintesis.com.ar\/index.php\/wp-json\/wp\/v2\/posts\/25755","targetHints":{"allow":["GET"]}}],"collection":[{"href":"https:\/\/chacosintesis.com.ar\/index.php\/wp-json\/wp\/v2\/posts"}],"about":[{"href":"https:\/\/chacosintesis.com.ar\/index.php\/wp-json\/wp\/v2\/types\/post"}],"author":[{"embeddable":true,"href":"https:\/\/chacosintesis.com.ar\/index.php\/wp-json\/wp\/v2\/users\/1"}],"replies":[{"embeddable":true,"href":"https:\/\/chacosintesis.com.ar\/index.php\/wp-json\/wp\/v2\/comments?post=25755"}],"version-history":[{"count":0,"href":"https:\/\/chacosintesis.com.ar\/index.php\/wp-json\/wp\/v2\/posts\/25755\/revisions"}],"wp:featuredmedia":[{"embeddable":true,"href":"https:\/\/chacosintesis.com.ar\/index.php\/wp-json\/wp\/v2\/media\/25756"}],"wp:attachment":[{"href":"https:\/\/chacosintesis.com.ar\/index.php\/wp-json\/wp\/v2\/media?parent=25755"}],"wp:term":[{"taxonomy":"category","embeddable":true,"href":"https:\/\/chacosintesis.com.ar\/index.php\/wp-json\/wp\/v2\/categories?post=25755"},{"taxonomy":"post_tag","embeddable":true,"href":"https:\/\/chacosintesis.com.ar\/index.php\/wp-json\/wp\/v2\/tags?post=25755"}],"curies":[{"name":"wp","href":"https:\/\/api.w.org\/{rel}","templated":true}]}}