{"id":25745,"date":"2023-08-25T15:44:49","date_gmt":"2023-08-25T18:44:49","guid":{"rendered":"https:\/\/chacosintesis.com.ar\/?p=25745"},"modified":"2023-08-25T16:07:03","modified_gmt":"2023-08-25T19:07:03","slug":"gran-desempeno-de-la-delegacion-chaquena-en-los-juegos-evita-nacionales-urbanos","status":"publish","type":"post","link":"https:\/\/chacosintesis.com.ar\/index.php\/gran-desempeno-de-la-delegacion-chaquena-en-los-juegos-evita-nacionales-urbanos\/","title":{"rendered":"Gran desempe\u00f1o de la delegaci\u00f3n chaque\u00f1a en los Juegos Evita Nacionales Urbanos"},"content":{"rendered":"<div class=\"postie-post\">Participan en los Juegos Nacionales Evita Urbanos 2023 en Tecn\u00f3polis, m\u00e1s de 1400 j\u00f3venes de las 24 provincias. \u201cVer tantos j\u00f3venes disfrutando de esta gran fiesta deportiva y representando a nuestra provincia con orgullo nos llena de felicidad. Esto nos demuestra que el deporte social es el camino por el que debemos seguir\u201d, dijo el presidente del Instituto del Deporte Chaque\u00f1o, Osvalo Perez Cuevas.<br \/>\nCon gran desempe\u00f1o la delegaci\u00f3n Chaque\u00f1a comenz\u00f3 su presentaci\u00f3n en los Juegos Nacionales Evita Urbanos 2023. Tecn\u00f3polis vibr\u00f3 y vivi\u00f3 la mayor fiesta deportiva del pa\u00eds, con la presencia de m\u00e1s de 1400 j\u00f3venes de las 24 provincias.<br \/>\nEn estos Juegos Evitas Urbanos se desarrollar\u00e1n 8 disciplinas durante 4 d\u00edas consecutivos. Los deportistas compiten ajedrez, b\u00e1squet 3&#215;3, BMX freestyle, parkour, breakinng, escalada y skate.<br \/>\nActo de apertura<\/p>\n<p>Con la presencia del ministro de Deporte y Turismo de la Naci\u00f3n, Mat\u00edas Lammens se realiz\u00f3 la apertura de los juegos en Tecnopolis. &#8220;Es un d\u00eda muy especial, porque adem\u00e1s de celebrar los 75 a\u00f1os de los Juegos Evita, que son la pol\u00edtica deportiva m\u00e1s importante del pa\u00eds, estamos inaugurando estos Juegos Urbanos, que tienen un significado muy importante porque hablan del futuro&#8221;.<br \/>\nEn tanto, el  presidente del Instituto del Deporte Chaque\u00f1o, Osvaldo P\u00e9rez Cuevas se\u00f1al\u00f3: \u201cVer tantos j\u00f3venes disfrutando de esta gran fiesta deportiva y representando a nuestra provincia con orgullo nos llena de felicidad. Esto nos demuestra que el deporte social es el camino por el que debemos seguir\u201d.<br \/>\n\u201cEstamos convencidos que una vez m\u00e1s que la pol\u00edtica p\u00fablica abocada al deporte y la inclusi\u00f3n da frutos, hoy ellos se llevan los mejores recuerdos y las mejores experiencias de esta primera edici\u00f3n de los Evita Urbanos, incluyendo el deporte en todas sus disciplinas y la cultura en su mayor expresi\u00f3n\u201d, explic\u00f3.<br \/>\nDurante los siguientes d\u00edas se desarrollar\u00e1n las instancias consagratorias de cada deporte en los que Chaco tiene grandes expectativas de obtener buenos resultados en cada competencia.<br \/>\nFinalizado los Juegos Evita Urbanos, continuar\u00e1n del 8 al 12 de septiembre en Termas de R\u00edo Hondo con los Juegos para Personas Mayores, y del 24 al 30 de septiembre en Mar del Plata, donde se disputar\u00e1n las Finales de Juegos Juveniles y Adaptados.<\/p>\n<p><<a href=\"http:\/\/www.avg.com\/email-signature?utm_medium=email&#038;utm_source=link&#038;utm_campaign=sig-email&#038;utm_content=webmail\">www.avg.com\/email-signature?utm_medium=email&amp;utm_source=link&amp;utm_campaign=sig-email&amp;utm_content=webmail<\/a>> Libre de virus.www.avg.com <<a href=\"http:\/\/www.avg.com\/email-signature?utm_medium=email&#038;utm_source=link&#038;utm_campaign=sig-email&#038;utm_content=webmail\">www.avg.com\/email-signature?utm_medium=email&amp;utm_source=link&amp;utm_campaign=sig-email&amp;utm_content=webmail<\/a>> <#DAB4FAD8-2DD7-40BB-A1B8-4E2AA1F9FDF2><\/div>\n","protected":false},"excerpt":{"rendered":"<p>Participan en los Juegos Nacionales Evita Urbanos 2023 en Tecn\u00f3polis, m\u00e1s de 1400 j\u00f3venes de las 24 provincias. \u201cVer tantos j\u00f3venes disfrutando de esta gran fiesta deportiva y representando a nuestra provincia con orgullo nos llena de felicidad. Esto nos demuestra que el deporte social es el camino por el que debemos seguir\u201d, dijo el [&hellip;]<\/p>\n","protected":false},"author":1,"featured_media":25746,"comment_status":"closed","ping_status":"closed","sticky":false,"template":"","format":"standard","meta":{"footnotes":""},"categories":[6],"tags":[],"class_list":{"0":"post-25745","1":"post","2":"type-post","3":"status-publish","4":"format-standard","5":"has-post-thumbnail","7":"category-chaco"},"_links":{"self":[{"href":"https:\/\/chacosintesis.com.ar\/index.php\/wp-json\/wp\/v2\/posts\/25745","targetHints":{"allow":["GET"]}}],"collection":[{"href":"https:\/\/chacosintesis.com.ar\/index.php\/wp-json\/wp\/v2\/posts"}],"about":[{"href":"https:\/\/chacosintesis.com.ar\/index.php\/wp-json\/wp\/v2\/types\/post"}],"author":[{"embeddable":true,"href":"https:\/\/chacosintesis.com.ar\/index.php\/wp-json\/wp\/v2\/users\/1"}],"replies":[{"embeddable":true,"href":"https:\/\/chacosintesis.com.ar\/index.php\/wp-json\/wp\/v2\/comments?post=25745"}],"version-history":[{"count":0,"href":"https:\/\/chacosintesis.com.ar\/index.php\/wp-json\/wp\/v2\/posts\/25745\/revisions"}],"wp:featuredmedia":[{"embeddable":true,"href":"https:\/\/chacosintesis.com.ar\/index.php\/wp-json\/wp\/v2\/media\/25746"}],"wp:attachment":[{"href":"https:\/\/chacosintesis.com.ar\/index.php\/wp-json\/wp\/v2\/media?parent=25745"}],"wp:term":[{"taxonomy":"category","embeddable":true,"href":"https:\/\/chacosintesis.com.ar\/index.php\/wp-json\/wp\/v2\/categories?post=25745"},{"taxonomy":"post_tag","embeddable":true,"href":"https:\/\/chacosintesis.com.ar\/index.php\/wp-json\/wp\/v2\/tags?post=25745"}],"curies":[{"name":"wp","href":"https:\/\/api.w.org\/{rel}","templated":true}]}}