{"id":25741,"date":"2023-08-25T15:39:55","date_gmt":"2023-08-25T18:39:55","guid":{"rendered":"https:\/\/chacosintesis.com.ar\/?p=25741"},"modified":"2023-08-25T16:06:54","modified_gmt":"2023-08-25T19:06:54","slug":"el-cronograma-de-pago-de-haberes-a-la-administracion-publica-comienza-el-martes-29-2","status":"publish","type":"post","link":"https:\/\/chacosintesis.com.ar\/index.php\/el-cronograma-de-pago-de-haberes-a-la-administracion-publica-comienza-el-martes-29-2\/","title":{"rendered":"El cronograma de pago de haberes a la administraci\u00f3n p\u00fablica comienza el martes 29"},"content":{"rendered":"<div class=\"postie-post\">Con la acreditaci\u00f3n al sector pasivo, la \u00faltima semana de agosto el Gobierno provincial pagar\u00e1 los salarios.<br \/>\nEl gobernador Jorge Capitanich inform\u00f3 que el pago de haberes a la administraci\u00f3n p\u00fablica comenzar\u00e1 el martes 29 con la acreditaci\u00f3n de salarios al sector pasivo. El mi\u00e9rcoles 30 continiuar\u00e1 con el pago al sector activo. El viernes 18 se acredit\u00f3 el refrigerio para este sector. En el marco del anuncio del aumento salarial extraordinario, el mandatario provincial dijo que &#8220;estamos cumpliendo con una pauta salarial por encima de la inflaci\u00f3n y con una fina y especial sensibilidad desde el punto de vista de la amortizaci\u00f3n de los haberes jubilatorios y salarios antes de la expiraci\u00f3n del mes&#8221;. Adem\u00e1s, Capitanich mencion\u00f3 las medidas que forman parte de &#8220;un paquete estructural&#8221;, como los descuentos en farmacias, supermercados y beneficios para personas jubiladas, los d\u00edas martes, mi\u00e9rcoles y jueves de cada mes. En este sentido, tambi\u00e9n record\u00f3 que se acordaron descuentos y reintegro en compras de juguetes por el mes de las infancias. Capitanich manifest\u00f3: &#8220;basamos nuestra pol\u00edtica en mejorar el poder aquisitivo del salario de los trababajores y trabajadoras pero tambien el ingreso a las familias&#8221;.<br \/>\nAumento salarial extraordinario<\/p>\n<p>Cabe recordar que la \u00faltima semana, el gobernador Capitanich anunci\u00f3 el otorgamiento de un aumento del 20 % compuesto por un incremento del 8 % en agosto acumulativo y un 12 % en concepto de pauta salarial a pagarse en octubre. Capitanich explic\u00f3 que este incremento del 20% alcanza a trabajadoras y trabajadores de la Administraci\u00f3n Central,  a la Polic\u00eda de la Provincia del Chaco, al Servicio Penitenciario, a los tres poderes del Estado, ( Poder Ejecutivo, Poder Legislativo y Poder Judicial). El gobernador se\u00f1al\u00f3 que este aumento del 20% se divide en 8% para el mes de agosto y 12% para el mes de octubre. El aumento salarial para el personal sanitario, tambi\u00e9n contempla este 20% ser\u00e1 extensivo en la base de c\u00e1lculo de las bonificaciones . En tanto el aumento salarial docente implica que en agosto tambi\u00e9n percibir\u00e1n el incremento del 8% en virtud de  un adelantamiento en la cl\u00e1usula gatillo, lo cual implica 72, 4% de acumulaci\u00f3n de suba salarial durante el transcurso de este ejercicio fiscal.<br \/>\n<<a href=\"http:\/\/www.avg.com\/email-signature?utm_medium=email&#038;utm_source=link&#038;utm_campaign=sig-email&#038;utm_content=webmail\">www.avg.com\/email-signature?utm_medium=email&amp;utm_source=link&amp;utm_campaign=sig-email&amp;utm_content=webmail<\/a>> Libre de virus.www.avg.com <<a href=\"http:\/\/www.avg.com\/email-signature?utm_medium=email&#038;utm_source=link&#038;utm_campaign=sig-email&#038;utm_content=webmail\">www.avg.com\/email-signature?utm_medium=email&amp;utm_source=link&amp;utm_campaign=sig-email&amp;utm_content=webmail<\/a>> <#DAB4FAD8-2DD7-40BB-A1B8-4E2AA1F9FDF2><\/div>\n","protected":false},"excerpt":{"rendered":"<p>Con la acreditaci\u00f3n al sector pasivo, la \u00faltima semana de agosto el Gobierno provincial pagar\u00e1 los salarios. El gobernador Jorge Capitanich inform\u00f3 que el pago de haberes a la administraci\u00f3n p\u00fablica comenzar\u00e1 el martes 29 con la acreditaci\u00f3n de salarios al sector pasivo. El mi\u00e9rcoles 30 continiuar\u00e1 con el pago al sector activo. El viernes [&hellip;]<\/p>\n","protected":false},"author":1,"featured_media":25742,"comment_status":"closed","ping_status":"closed","sticky":false,"template":"","format":"standard","meta":{"footnotes":""},"categories":[6],"tags":[],"class_list":{"0":"post-25741","1":"post","2":"type-post","3":"status-publish","4":"format-standard","5":"has-post-thumbnail","7":"category-chaco"},"_links":{"self":[{"href":"https:\/\/chacosintesis.com.ar\/index.php\/wp-json\/wp\/v2\/posts\/25741","targetHints":{"allow":["GET"]}}],"collection":[{"href":"https:\/\/chacosintesis.com.ar\/index.php\/wp-json\/wp\/v2\/posts"}],"about":[{"href":"https:\/\/chacosintesis.com.ar\/index.php\/wp-json\/wp\/v2\/types\/post"}],"author":[{"embeddable":true,"href":"https:\/\/chacosintesis.com.ar\/index.php\/wp-json\/wp\/v2\/users\/1"}],"replies":[{"embeddable":true,"href":"https:\/\/chacosintesis.com.ar\/index.php\/wp-json\/wp\/v2\/comments?post=25741"}],"version-history":[{"count":0,"href":"https:\/\/chacosintesis.com.ar\/index.php\/wp-json\/wp\/v2\/posts\/25741\/revisions"}],"wp:featuredmedia":[{"embeddable":true,"href":"https:\/\/chacosintesis.com.ar\/index.php\/wp-json\/wp\/v2\/media\/25742"}],"wp:attachment":[{"href":"https:\/\/chacosintesis.com.ar\/index.php\/wp-json\/wp\/v2\/media?parent=25741"}],"wp:term":[{"taxonomy":"category","embeddable":true,"href":"https:\/\/chacosintesis.com.ar\/index.php\/wp-json\/wp\/v2\/categories?post=25741"},{"taxonomy":"post_tag","embeddable":true,"href":"https:\/\/chacosintesis.com.ar\/index.php\/wp-json\/wp\/v2\/tags?post=25741"}],"curies":[{"name":"wp","href":"https:\/\/api.w.org\/{rel}","templated":true}]}}