{"id":25737,"date":"2023-08-25T15:37:17","date_gmt":"2023-08-25T18:37:17","guid":{"rendered":"https:\/\/chacosintesis.com.ar\/?p=25737"},"modified":"2023-08-25T16:06:43","modified_gmt":"2023-08-25T19:06:43","slug":"el-domingo-comienzan-los-debates-preelectorales-en-charata","status":"publish","type":"post","link":"https:\/\/chacosintesis.com.ar\/index.php\/el-domingo-comienzan-los-debates-preelectorales-en-charata\/","title":{"rendered":"El domingo comienzan los debates preelectorales en Charata"},"content":{"rendered":"<div class=\"postie-post\">El lunes 28 ser\u00e1 el turno de la categor\u00eda a gobernador. En tanto, el lunes 4 y lunes 5 se repetir\u00e1n los debates en la ciudad de Resistencia.<br \/>\nEl domingo 27 se realizar\u00e1 en Charata el debate electoral de los candidatos a diputados, en la franja horaria de 21 a 23, y el lunes 28, en el mismo lugar y mismo horario ser\u00e1 el turno de los candidatos a gobernadores<br \/>\nAsimismo, el lunes 4 y martes 5 se repetir\u00e1n los debates en la ciudad de Resistencia, en el Centro de Convenciones Gala. As\u00ed lo inform\u00f3 Emilia Valle, presidenta del Tribunal Electoral en di\u00e1logo con Chaco TV.<br \/>\n\u201cEstamos cumpliendo estos 40 a\u00f1os de democracia, viviendo un a\u00f1o sumamente intenso de cara a los debates preelectorales\u201d, destac\u00f3 Valle. \u201cLa Ley de debates preelectorales cumple 10 a\u00f1os pero es bueno recordar la historia y que en el 2003 ya hubo una suerte de debate en S\u00e1enz Pe\u00f1a entre candidatos a gobernadores, en 2013 hubo entre candidatos a senadores y as\u00ed elaboraron un poco la base de esta ley\u201d, agreg\u00f3.<br \/>\nEn este sentido, la presidenta del Tribunal Electoral explic\u00f3 que \u201cla intenci\u00f3n es mostrar programas de gobierno, programas legislativos y las propuestas de los candidatos con la finalidad de que el electorado sepa a la hora de emitir el voto, a las personas que considera m\u00e1s id\u00f3neas para conducir los destinos de la provincia\u201d. \u201cLa obligatoriedad pasa por el porcentaje, ya que en el caso de los candidatos a gobernador tienen que haber alcanzado el porcentaje del 5% y en el caso de los diputados superar el 3%\u201d, remarc\u00f3.<br \/>\n\u201cEn el caso de candidatos a gobernador tenemos a Jorge Milton Capitanich por el Frente Chaque\u00f1o, a Gustavo Mart\u00ednez por el espacio CER y a Leandro Zdero por Juntos por el Cambio\u201d, detall\u00f3 Valle. \u201cEn el caso de los candidatos a diputados, han quedado Jaime Parra Moreno por el Frente Integrador; Santiago P\u00e9rez Pons, por el Frente Chaque\u00f1o; Iv\u00e1n Gy\u00f6ker, por Juntos por el Cambio; y Agust\u00edn Romero por el CER\u201d, agreg\u00f3.<br \/>\nAdem\u00e1s, Valle destac\u00f3: \u201cHicimos el sorteo de los moderadores, que surge de una lista propuesta por el Tribunal Electoral y una terna que puede agregar propuesta por cada agrupaci\u00f3n\u201d. \u201cDe esta manera, en el caso de la categor\u00eda a gobernador qued\u00f3 como titular Pedro C\u00e1ceres y su suplente Miguel Escalante. En el caso de los candidatos a diputados lo tenemos de suplente a Marco Messina y como titular a Fabio Rodr\u00edguez\u201d, especific\u00f3.<br \/>\n\u201cSorteamos la disposici\u00f3n y el orden de los atriles y tambi\u00e9n el orden de presentaci\u00f3n que el moderador hace de los candidatos y la propia presentaci\u00f3n de cada uno\u201d, manifest\u00f3 Valle. \u201cDespu\u00e9s sorteamos el orden para la exposici\u00f3n de los bloques tem\u00e1ticos: 1) Desarrollo Econ\u00f3mico, Producci\u00f3n, Industria y Ambiente; 2) Desarrollo Urbano, Discapacidad, Juventud y Deportes, G\u00e9neros y Diversidad, Pueblos Ind\u00edgenas; 3) Seguridad y Justicia, Calidad Institucional, Pol\u00edtica anticorrupci\u00f3n; 4) Tem\u00e1tica abierta, pregunta de las redes\u201d, detall\u00f3.<\/p>\n<p><<a href=\"http:\/\/www.avg.com\/email-signature?utm_medium=email&#038;utm_source=link&#038;utm_campaign=sig-email&#038;utm_content=webmail\">www.avg.com\/email-signature?utm_medium=email&amp;utm_source=link&amp;utm_campaign=sig-email&amp;utm_content=webmail<\/a>> Libre de virus.www.avg.com <<a href=\"http:\/\/www.avg.com\/email-signature?utm_medium=email&#038;utm_source=link&#038;utm_campaign=sig-email&#038;utm_content=webmail\">www.avg.com\/email-signature?utm_medium=email&amp;utm_source=link&amp;utm_campaign=sig-email&amp;utm_content=webmail<\/a>> <#DAB4FAD8-2DD7-40BB-A1B8-4E2AA1F9FDF2><\/div>\n","protected":false},"excerpt":{"rendered":"<p>El lunes 28 ser\u00e1 el turno de la categor\u00eda a gobernador. En tanto, el lunes 4 y lunes 5 se repetir\u00e1n los debates en la ciudad de Resistencia. El domingo 27 se realizar\u00e1 en Charata el debate electoral de los candidatos a diputados, en la franja horaria de 21 a 23, y el lunes 28, [&hellip;]<\/p>\n","protected":false},"author":1,"featured_media":25738,"comment_status":"closed","ping_status":"closed","sticky":false,"template":"","format":"standard","meta":{"footnotes":""},"categories":[6],"tags":[],"class_list":{"0":"post-25737","1":"post","2":"type-post","3":"status-publish","4":"format-standard","5":"has-post-thumbnail","7":"category-chaco"},"_links":{"self":[{"href":"https:\/\/chacosintesis.com.ar\/index.php\/wp-json\/wp\/v2\/posts\/25737","targetHints":{"allow":["GET"]}}],"collection":[{"href":"https:\/\/chacosintesis.com.ar\/index.php\/wp-json\/wp\/v2\/posts"}],"about":[{"href":"https:\/\/chacosintesis.com.ar\/index.php\/wp-json\/wp\/v2\/types\/post"}],"author":[{"embeddable":true,"href":"https:\/\/chacosintesis.com.ar\/index.php\/wp-json\/wp\/v2\/users\/1"}],"replies":[{"embeddable":true,"href":"https:\/\/chacosintesis.com.ar\/index.php\/wp-json\/wp\/v2\/comments?post=25737"}],"version-history":[{"count":0,"href":"https:\/\/chacosintesis.com.ar\/index.php\/wp-json\/wp\/v2\/posts\/25737\/revisions"}],"wp:featuredmedia":[{"embeddable":true,"href":"https:\/\/chacosintesis.com.ar\/index.php\/wp-json\/wp\/v2\/media\/25738"}],"wp:attachment":[{"href":"https:\/\/chacosintesis.com.ar\/index.php\/wp-json\/wp\/v2\/media?parent=25737"}],"wp:term":[{"taxonomy":"category","embeddable":true,"href":"https:\/\/chacosintesis.com.ar\/index.php\/wp-json\/wp\/v2\/categories?post=25737"},{"taxonomy":"post_tag","embeddable":true,"href":"https:\/\/chacosintesis.com.ar\/index.php\/wp-json\/wp\/v2\/tags?post=25737"}],"curies":[{"name":"wp","href":"https:\/\/api.w.org\/{rel}","templated":true}]}}