{"id":25735,"date":"2023-08-25T15:35:22","date_gmt":"2023-08-25T18:35:22","guid":{"rendered":"https:\/\/chacosintesis.com.ar\/?p=25735"},"modified":"2023-08-25T15:38:08","modified_gmt":"2023-08-25T18:38:08","slug":"romero-queremos-contribuir-a-la-formacion-de-nuevos-lectores-y-lectoras","status":"publish","type":"post","link":"https:\/\/chacosintesis.com.ar\/index.php\/romero-queremos-contribuir-a-la-formacion-de-nuevos-lectores-y-lectoras\/","title":{"rendered":"Romero: \u201cQueremos contribuir a la formaci\u00f3n de nuevos lectores y lectoras\u201d"},"content":{"rendered":"<div class=\"postie-post\">La edici\u00f3n 2023 se realizar\u00e1 del 31 de agosto al 10 de septiembre en el Domo del Centenario de Resistencia, con entrada libre y gratuita. El evento contar\u00e1 con libros a mitad de precio para impulsar a la industria editorial local.<br \/>\nEn el marco del lanzamiento de la Feria Iberoamericana del Libro 2023, que se realiz\u00f3 hoy desde las 9 en Casa de las Culturas de Resistencia, el presidente del Instituto de Cultura, Francisco \u201cTete\u201d Romero, y Rub\u00e9n Duk, titular de la Editorial Contexto, dialogaron con Radio Provincia del Chaco sobre este evento que contar\u00e1 con entrada libre y gratuita, y con libros a mitad de precio para impulsar a la industria editorial local.<br \/>\nEn ese sentido, ambos se mostraron \u201cmuy contentos\u201d por el lanzamiento de este evento que contar\u00e1 con la presencia de 10 editoriales de Resistencia del 1 al 10 de septiembre, destac\u00e1ndose la oferta del 50% de todos los libros. \u201cUno puede sostener que la lectura es un derecho, pero solo si hay una pol\u00edtica p\u00fablica que lo sostenga\u201d, expres\u00f3 Romero. Adem\u00e1s, coment\u00f3 que habr\u00e1 talleres para las infancias y adolescencias.<br \/>\nSiguiendo por la misma l\u00ednea, Duk destac\u00f3 que habr\u00e1 un \u201cespacio importante\u201d dedicado a las ni\u00f1eces y a las juventudes. \u201cEs una decisi\u00f3n clara del gobierno de la provincia del Chaco de seguir acompa\u00f1ando la promoci\u00f3n de libros y la lectura\u201d. Asimismo, agreg\u00f3 que tambi\u00e9n estar\u00e1n sectores dedicados a la gastronom\u00eda, adem\u00e1s de contar con artesanos y emprendedores. Por su parte, Romero resalt\u00f3 que habr\u00e1 un servicio de colectivos gratuito para facilitar el acceso del sistema educativo a la feria. \u201cQueremos contribuir a la formaci\u00f3n de nuevos lectores y lectoras\u201d, manifest\u00f3, y a\u00f1adi\u00f3: \u201cPara que haya lectoras y lectoras tenemos que enamorarlos, pero tambi\u00e9n acercarles los libros\u201d.<br \/>\nAsimismo, Duk coment\u00f3 que la feria no s\u00f3lo es un lugar para aprovechar el 50% en libros para la formaci\u00f3n educativa, sino que tambi\u00e9n es un lugar para el disfrute personal. \u201cAlgunos vienen buscando textos de fantas\u00eda y narrativos que no son de estudio, habr\u00e1 muchos autores que vienen a visitarnos por estas edades\u201d, resalt\u00f3.<br \/>\nPor \u00faltimo, Duk destac\u00f3 la gran variedad de autores locales, nacionales e internacionales que participar\u00e1n. \u201cCerramos la convocatoria con una gran agenda de autores y autoras locales. Tambi\u00e9n habr\u00e1 autores de Per\u00fa, Brasil, Chile, Paraguay y Uruguay\u201d, expres\u00f3. Cabe destacar que La Feria Iberoamericana del Libro Chaco (FILC) edici\u00f3n 2023 se realizar\u00e1 del 31 de agosto al 10 de septiembre en el Domo del Centenario de Resistencia. \u201cEs muy importante que podamos invitar a la familia chaque\u00f1a a visitar la feria e invertir en libros\u201d, concluy\u00f3 Romero.<br \/>\n<<a href=\"http:\/\/www.avg.com\/email-signature?utm_medium=email&#038;utm_source=link&#038;utm_campaign=sig-email&#038;utm_content=webmail\">www.avg.com\/email-signature?utm_medium=email&amp;utm_source=link&amp;utm_campaign=sig-email&amp;utm_content=webmail<\/a>> Libre de virus.www.avg.com <<a href=\"http:\/\/www.avg.com\/email-signature?utm_medium=email&#038;utm_source=link&#038;utm_campaign=sig-email&#038;utm_content=webmail\">www.avg.com\/email-signature?utm_medium=email&amp;utm_source=link&amp;utm_campaign=sig-email&amp;utm_content=webmail<\/a>> <#DAB4FAD8-2DD7-40BB-A1B8-4E2AA1F9FDF2><\/div>\n","protected":false},"excerpt":{"rendered":"<p>La edici\u00f3n 2023 se realizar\u00e1 del 31 de agosto al 10 de septiembre en el Domo del Centenario de Resistencia, con entrada libre y gratuita. El evento contar\u00e1 con libros a mitad de precio para impulsar a la industria editorial local. En el marco del lanzamiento de la Feria Iberoamericana del Libro 2023, que se [&hellip;]<\/p>\n","protected":false},"author":1,"featured_media":25736,"comment_status":"closed","ping_status":"closed","sticky":false,"template":"","format":"standard","meta":{"footnotes":""},"categories":[6],"tags":[],"class_list":{"0":"post-25735","1":"post","2":"type-post","3":"status-publish","4":"format-standard","5":"has-post-thumbnail","7":"category-chaco"},"_links":{"self":[{"href":"https:\/\/chacosintesis.com.ar\/index.php\/wp-json\/wp\/v2\/posts\/25735","targetHints":{"allow":["GET"]}}],"collection":[{"href":"https:\/\/chacosintesis.com.ar\/index.php\/wp-json\/wp\/v2\/posts"}],"about":[{"href":"https:\/\/chacosintesis.com.ar\/index.php\/wp-json\/wp\/v2\/types\/post"}],"author":[{"embeddable":true,"href":"https:\/\/chacosintesis.com.ar\/index.php\/wp-json\/wp\/v2\/users\/1"}],"replies":[{"embeddable":true,"href":"https:\/\/chacosintesis.com.ar\/index.php\/wp-json\/wp\/v2\/comments?post=25735"}],"version-history":[{"count":0,"href":"https:\/\/chacosintesis.com.ar\/index.php\/wp-json\/wp\/v2\/posts\/25735\/revisions"}],"wp:featuredmedia":[{"embeddable":true,"href":"https:\/\/chacosintesis.com.ar\/index.php\/wp-json\/wp\/v2\/media\/25736"}],"wp:attachment":[{"href":"https:\/\/chacosintesis.com.ar\/index.php\/wp-json\/wp\/v2\/media?parent=25735"}],"wp:term":[{"taxonomy":"category","embeddable":true,"href":"https:\/\/chacosintesis.com.ar\/index.php\/wp-json\/wp\/v2\/categories?post=25735"},{"taxonomy":"post_tag","embeddable":true,"href":"https:\/\/chacosintesis.com.ar\/index.php\/wp-json\/wp\/v2\/tags?post=25735"}],"curies":[{"name":"wp","href":"https:\/\/api.w.org\/{rel}","templated":true}]}}