{"id":25731,"date":"2023-08-25T15:32:02","date_gmt":"2023-08-25T18:32:02","guid":{"rendered":"https:\/\/chacosintesis.com.ar\/?p=25731"},"modified":"2023-08-25T15:37:57","modified_gmt":"2023-08-25T18:37:57","slug":"la-carrera-de-medicina-de-uncaus-tiene-una-matricula-de-2-200-estudiantes-y-continua-creciendo","status":"publish","type":"post","link":"https:\/\/chacosintesis.com.ar\/index.php\/la-carrera-de-medicina-de-uncaus-tiene-una-matricula-de-2-200-estudiantes-y-continua-creciendo\/","title":{"rendered":"La carrera de Medicina de UNCAUS tiene una matr\u00edcula de 2.200 estudiantes y contin\u00faa creciendo"},"content":{"rendered":"<div class=\"postie-post\">El director de la carrera, M\u00e9d. Jos\u00e9 Bola\u00f1o cuenta en la nota particularidades de la carrera, como actualizaciones de los planes de estudios, convenios con diversas instituciones, pr\u00e1cticas profesionales de los estudiantes, entre otros temas. El director de la carrera de Medicina que se dicta en la Universidad Nacional del Chaco Austral, M\u00e9d. Jos\u00e9 Bola\u00f1o, brind\u00f3 detalles de esta propuesta acad\u00e9mica que actualmente cuenta con alumnos de diversas provincias de Argentina y de diversos pa\u00edses. Actualmente la carrera tiene una n\u00f3mina total de aproximadamente 2200 alumnos, donde el mayor n\u00famero est\u00e1 concentrado en los primeros tres a\u00f1os. Este a\u00f1o ingresaron m\u00e1s de 400 alumnos a primer a\u00f1o, que se sumaron a los recursantes.<br \/>\nExplic\u00f3 que existe un foro compuesto por 25 decanos y directores de todo el pa\u00eds donde del norte argentino, la UNCAUS es la \u00fanica universidad que tiene su espacio f\u00edsico y rectorado en una ciudad que no sea una capital de provincia estrat\u00e9gicamente ubicada, como lo es Presidencia Roque S\u00e1enz Pe\u00f1a, adem\u00e1s expres\u00f3 &#8220;estamos muy orgullosos de formar parte de una universidad con un concepto federal&#8221;, manifest\u00f3. Al explicar las particularidades de la carrera expres\u00f3 que \u201cse busca el perfil de un m\u00e9dico egresado con una mirada social y comunitaria, m\u00e1s que con una mirada individual\u201d. Adem\u00e1s \u201cintroducimos la simulaci\u00f3n cl\u00ednica como una herramienta de formaci\u00f3n y la realizaci\u00f3n de pr\u00e1cticas profesionales, que acerquen a los estudiantes lo m\u00e1ximo posible a todas las competencias que tiene que desarrollar despu\u00e9s como profesional\u201d. Detall\u00f3 tambi\u00e9n que \u201cla carrera de Medicina dura 6 a\u00f1os y es importante aprovechar esta oportunidad para recalcar el hecho de que desde el a\u00f1o pasado se inici\u00f3 un proceso de acreditaci\u00f3n de todas las carreras de Medicina del pa\u00eds y la nuestra tambi\u00e9n est\u00e1 incluida en ese proceso&#8221; expres\u00f3 Bola\u00f1os. Agreg\u00f3, adem\u00e1s, que se cre\u00f3 un nuevo plan de estudios y actualmente est\u00e1n vigentes dos planes, el plan anterior que era el del a\u00f1o 2013 y el plan nuevo que es del a\u00f1o 2022, donde todos los ingresantes de este a\u00f1o est\u00e1n en ese plan nuevo\u201d. Resumi\u00f3, adem\u00e1s, que \u201cactualmente primer y segundo a\u00f1o ya son plan 2022 y el a\u00f1o que viene ya se habilitar\u00e1 el tercer a\u00f1o de ese plan y as\u00ed sucesivamente hasta que el plan anterior sea reemplazado por este nuevo totalmente\u201d. Haciendo menci\u00f3n a los planes de estudios detall\u00f3 que &#8220;este nuevo dise\u00f1o fue creado por la necesidad de adecuarse a la educaci\u00f3n moderna m\u00e9dica y tambi\u00e9n por algunas inconsistencias que nosotros cre\u00edamos que pod\u00edamos solucionar y mejoramos el sistema de correlatividades, donde incorporamos lenguas regionales, diagn\u00f3stico por im\u00e1genes, cuidados paliativos y consumos problem\u00e1ticos. Pensamos que es un plan mejor y probablemente en el futuro haya otro, pero por el momento este plan funciona para la formaci\u00f3n de grado, as\u00ed que estamos muy ilusionados&#8221; coment\u00f3 el director. Adem\u00e1s, remarc\u00f3 que las pr\u00e1cticas de los estudiantes realizadas en terreno les brinda herramientas que luego ser\u00e1n \u00fatiles para poder desarrollarse como profesionales, y \u201cpor eso la idea es que las mismas se desarrollen en el primer, segundo y tercer nivel de atenci\u00f3n y en distintos escenarios\u201d, explic\u00f3 Bola\u00f1o. Coment\u00f3 tambi\u00e9n que la Universidad tiene programado firmar un convenio con el Instituto de Alta Complejidad de Formosa, que tiene acceso a trasplantes hep\u00e1ticos junto con el Hospital Pedi\u00e1trico del Perrando, para que los alumnos pasen por todas estas instancias y tengan una formaci\u00f3n complementaria. Con la Universidad de Medicina de Mar del Plata se realiz\u00f3 un convenio de intercambio y se espera que se firme tambi\u00e9n con la Universidad de Nacional del Litoral. En septiembre ir\u00e1n los primeros alumnos de Medicina a realizar las pr\u00e1cticas profesionales a Mar del Plata, en el Hospital de la Comunidad, d\u00f3nde estar\u00e1n en la parte de alta complejidad en pediatr\u00eda y ginecolog\u00eda. &#8220;Esto permite que se desarrolle una mirada especial hacia lo social\u201d, destac\u00f3 el director.<br \/>\n<<a href=\"http:\/\/www.avg.com\/email-signature?utm_medium=email&#038;utm_source=link&#038;utm_campaign=sig-email&#038;utm_content=webmail\">www.avg.com\/email-signature?utm_medium=email&amp;utm_source=link&amp;utm_campaign=sig-email&amp;utm_content=webmail<\/a>> Libre de virus.www.avg.com <<a href=\"http:\/\/www.avg.com\/email-signature?utm_medium=email&#038;utm_source=link&#038;utm_campaign=sig-email&#038;utm_content=webmail\">www.avg.com\/email-signature?utm_medium=email&amp;utm_source=link&amp;utm_campaign=sig-email&amp;utm_content=webmail<\/a>> <#DAB4FAD8-2DD7-40BB-A1B8-4E2AA1F9FDF2><\/div>\n","protected":false},"excerpt":{"rendered":"<p>El director de la carrera, M\u00e9d. Jos\u00e9 Bola\u00f1o cuenta en la nota particularidades de la carrera, como actualizaciones de los planes de estudios, convenios con diversas instituciones, pr\u00e1cticas profesionales de los estudiantes, entre otros temas. El director de la carrera de Medicina que se dicta en la Universidad Nacional del Chaco Austral, M\u00e9d. Jos\u00e9 Bola\u00f1o, [&hellip;]<\/p>\n","protected":false},"author":1,"featured_media":25732,"comment_status":"closed","ping_status":"closed","sticky":false,"template":"","format":"standard","meta":{"footnotes":""},"categories":[6],"tags":[],"class_list":{"0":"post-25731","1":"post","2":"type-post","3":"status-publish","4":"format-standard","5":"has-post-thumbnail","7":"category-chaco"},"_links":{"self":[{"href":"https:\/\/chacosintesis.com.ar\/index.php\/wp-json\/wp\/v2\/posts\/25731","targetHints":{"allow":["GET"]}}],"collection":[{"href":"https:\/\/chacosintesis.com.ar\/index.php\/wp-json\/wp\/v2\/posts"}],"about":[{"href":"https:\/\/chacosintesis.com.ar\/index.php\/wp-json\/wp\/v2\/types\/post"}],"author":[{"embeddable":true,"href":"https:\/\/chacosintesis.com.ar\/index.php\/wp-json\/wp\/v2\/users\/1"}],"replies":[{"embeddable":true,"href":"https:\/\/chacosintesis.com.ar\/index.php\/wp-json\/wp\/v2\/comments?post=25731"}],"version-history":[{"count":0,"href":"https:\/\/chacosintesis.com.ar\/index.php\/wp-json\/wp\/v2\/posts\/25731\/revisions"}],"wp:featuredmedia":[{"embeddable":true,"href":"https:\/\/chacosintesis.com.ar\/index.php\/wp-json\/wp\/v2\/media\/25732"}],"wp:attachment":[{"href":"https:\/\/chacosintesis.com.ar\/index.php\/wp-json\/wp\/v2\/media?parent=25731"}],"wp:term":[{"taxonomy":"category","embeddable":true,"href":"https:\/\/chacosintesis.com.ar\/index.php\/wp-json\/wp\/v2\/categories?post=25731"},{"taxonomy":"post_tag","embeddable":true,"href":"https:\/\/chacosintesis.com.ar\/index.php\/wp-json\/wp\/v2\/tags?post=25731"}],"curies":[{"name":"wp","href":"https:\/\/api.w.org\/{rel}","templated":true}]}}