{"id":25709,"date":"2023-08-25T15:06:57","date_gmt":"2023-08-25T18:06:57","guid":{"rendered":"https:\/\/chacosintesis.com.ar\/?p=25709"},"modified":"2023-08-25T15:37:05","modified_gmt":"2023-08-25T18:37:05","slug":"capitanich-junto-a-vecinos-y-vecinas-de-villa-fabiana-acordaron-una-agenda-de-obras-e-intervenciones-en-el-barrio","status":"publish","type":"post","link":"https:\/\/chacosintesis.com.ar\/index.php\/capitanich-junto-a-vecinos-y-vecinas-de-villa-fabiana-acordaron-una-agenda-de-obras-e-intervenciones-en-el-barrio\/","title":{"rendered":"Capitanich junto a vecinos y vecinas de Villa Fabiana acordaron una agenda de obras e intervenciones en el barrio"},"content":{"rendered":"<div class=\"postie-post\">Como parte de su agenda de escucha activa, el gobernador celebr\u00f3 una asamblea con la comunidad, con quienes analiz\u00f3 diferentes propuestas prioritarias que se implementar\u00e1n de manera inmediata.<br \/>\nEl gobernador Jorge Capitanich mantuvo este jueves una reuni\u00f3n con vecinas y vecinos del barrio Villa Fabiana Norte de Resistencia, con la finalidad de acordar una agenda de pol\u00edticas p\u00fablicas presentadas de primera mano por la comunidad. \u201cEsta es una agenda de proximidad y cercan\u00eda para ir transformando la realidad de cada comunidad\u201d, afirm\u00f3 el mandatario. Capitanich concret\u00f3 este encuentro acompa\u00f1ado por el presidente de Loter\u00eda Chaque\u00f1a, Gabriel Lemos, junto con el referente Germ\u00e1n Bittel, y vecinas y vecinos de Villa Fabiana Norte y sus alrededores, junto a quienes deline\u00f3 trabajos para mejorar el servicio de suministro el\u00e9ctrico, as\u00ed como proyectos de pavimentaci\u00f3n y ripio, mejoras en la estructura edilicia de la escuela N\u00b062 y la concreci\u00f3n de la puesta en marcha de un Centro de Salud. Adem\u00e1s, vecinos y vecinas solicitaron al gobernador intervenciones para mejoramiento de la calidad del servicio de internet y optimizar las pol\u00edticas de seguridad en la zona, a lo que el mandatario propuso llevar adelante un paquete especial para el barrio con la empresa Everon y tambi\u00e9n trabajar en un circuito vecinal para agregar las c\u00e1maras de seguridad particulares al sistema p\u00fablico. \u201cVamos a seguir cumpliendo con esta agenda de reuniones en diferentes puntos de la provincia, porque las cosas que hacemos para cambiar son las que nos permiten transformar la vida de las personas con obras\u201d, celebr\u00f3 Capitanich. Por su parte, Bittel record\u00f3 que es la tercera vez que el gobernador visita puntos de la zona y remarc\u00f3 que \u201cestamos dando respuestas a los vecinos y vecinas en varios pedidos, incluso a los que corresponden a \u00e1reas municipales. Y notamos que la gente se va contenta porque entienden que se los escucha, sobre todo una figura tan destacada como el propio gobernador\u201d. A su vez, una vecina del lugar, Araceli Funda, explic\u00f3 que \u201clo que me trajo a esta reuni\u00f3n fue el pedido por la escuela, ya que all\u00ed existen varias necesidades para que busquemos soluciones\u201d, se\u00f1al\u00f3, y agreg\u00f3 estar \u201cmuy contenta por la visita del gobernador, porque se comprometi\u00f3 a ayudarnos y a darnos una respuesta\u201d. Este y otros encuentros que se vienen realizando en diferentes puntos de la provincia son parte de una agenda propuesta por el gobernador, con la idea de incitar la participaci\u00f3n directa de las y los vecinos en el dise\u00f1o de pol\u00edticas p\u00fablicas e intervenciones en cada uno de los barrios chaque\u00f1os.<br \/>\n<<a href=\"http:\/\/www.avg.com\/email-signature?utm_medium=email&#038;utm_source=link&#038;utm_campaign=sig-email&#038;utm_content=webmail\">www.avg.com\/email-signature?utm_medium=email&amp;utm_source=link&amp;utm_campaign=sig-email&amp;utm_content=webmail<\/a>> Libre de virus.www.avg.com <<a href=\"http:\/\/www.avg.com\/email-signature?utm_medium=email&#038;utm_source=link&#038;utm_campaign=sig-email&#038;utm_content=webmail\">www.avg.com\/email-signature?utm_medium=email&amp;utm_source=link&amp;utm_campaign=sig-email&amp;utm_content=webmail<\/a>> <#DAB4FAD8-2DD7-40BB-A1B8-4E2AA1F9FDF2><\/div>\n","protected":false},"excerpt":{"rendered":"<p>Como parte de su agenda de escucha activa, el gobernador celebr\u00f3 una asamblea con la comunidad, con quienes analiz\u00f3 diferentes propuestas prioritarias que se implementar\u00e1n de manera inmediata. El gobernador Jorge Capitanich mantuvo este jueves una reuni\u00f3n con vecinas y vecinos del barrio Villa Fabiana Norte de Resistencia, con la finalidad de acordar una agenda [&hellip;]<\/p>\n","protected":false},"author":1,"featured_media":25710,"comment_status":"closed","ping_status":"closed","sticky":false,"template":"","format":"standard","meta":{"footnotes":""},"categories":[6],"tags":[],"class_list":{"0":"post-25709","1":"post","2":"type-post","3":"status-publish","4":"format-standard","5":"has-post-thumbnail","7":"category-chaco"},"_links":{"self":[{"href":"https:\/\/chacosintesis.com.ar\/index.php\/wp-json\/wp\/v2\/posts\/25709","targetHints":{"allow":["GET"]}}],"collection":[{"href":"https:\/\/chacosintesis.com.ar\/index.php\/wp-json\/wp\/v2\/posts"}],"about":[{"href":"https:\/\/chacosintesis.com.ar\/index.php\/wp-json\/wp\/v2\/types\/post"}],"author":[{"embeddable":true,"href":"https:\/\/chacosintesis.com.ar\/index.php\/wp-json\/wp\/v2\/users\/1"}],"replies":[{"embeddable":true,"href":"https:\/\/chacosintesis.com.ar\/index.php\/wp-json\/wp\/v2\/comments?post=25709"}],"version-history":[{"count":0,"href":"https:\/\/chacosintesis.com.ar\/index.php\/wp-json\/wp\/v2\/posts\/25709\/revisions"}],"wp:featuredmedia":[{"embeddable":true,"href":"https:\/\/chacosintesis.com.ar\/index.php\/wp-json\/wp\/v2\/media\/25710"}],"wp:attachment":[{"href":"https:\/\/chacosintesis.com.ar\/index.php\/wp-json\/wp\/v2\/media?parent=25709"}],"wp:term":[{"taxonomy":"category","embeddable":true,"href":"https:\/\/chacosintesis.com.ar\/index.php\/wp-json\/wp\/v2\/categories?post=25709"},{"taxonomy":"post_tag","embeddable":true,"href":"https:\/\/chacosintesis.com.ar\/index.php\/wp-json\/wp\/v2\/tags?post=25709"}],"curies":[{"name":"wp","href":"https:\/\/api.w.org\/{rel}","templated":true}]}}