{"id":25707,"date":"2023-08-25T15:05:39","date_gmt":"2023-08-25T18:05:39","guid":{"rendered":"https:\/\/chacosintesis.com.ar\/?p=25707"},"modified":"2023-08-25T15:06:42","modified_gmt":"2023-08-25T18:06:42","slug":"presentaron-la-primera-encuesta-cannabis-chaco-2023","status":"publish","type":"post","link":"https:\/\/chacosintesis.com.ar\/index.php\/presentaron-la-primera-encuesta-cannabis-chaco-2023\/","title":{"rendered":"Presentaron la primera encuesta Cannabis Chaco 2023"},"content":{"rendered":"<div class=\"postie-post\">La iniciativa, dise\u00f1ada por ECOM, permitir\u00e1 obtener un mapeo sobre las pol\u00edticas requeridas en la cuesti\u00f3n cann\u00e1bica. Adem\u00e1s, anunciaron la constituci\u00f3n de una Comisi\u00f3n Especial para el sector y capacitaci\u00f3n para las fuerzas de seguridad entre otros puntos.<br \/>\nEl gobernador Jorge Capitanich se reuni\u00f3 este jueves con emprendedores, asociaciones civiles y ONG del sector cann\u00e1bico. En este, que fue el segundo encuentro, presentaron la primera Encuesta Provincial Cannabis Chaco 2023 que permitir\u00e1 contar con un mapeo provincial de las pol\u00edticas y acciones a diagramar en la materia. \u201cEs importante que podamos generar condiciones de producci\u00f3n, comercializaci\u00f3n, generaci\u00f3n de trabajo para personas calificadas y tener una representaci\u00f3n a nivel nacional que permita una plataforma para el desarrollo. As\u00ed que creo que estamos muy bien encaminados\u201d, expres\u00f3 Capitanich, tras el encuentro del que participaron distintas expresiones del sector cann\u00e1bico en una agenda conjunta. Paralelamente, definieron la constituci\u00f3n de una Comisi\u00f3n Especial, capacitaci\u00f3n para Fuerzas de Seguridad y continuar con el fortalecimiento del sector con el Estado Provincial. En este sentido, el mandatario record\u00f3 la puesta en marcha de la Ley N\u00b0 27.669 y al Decreto N\u00b0 405 para su reglamentaci\u00f3n y que adem\u00e1s, \u201cbrinda un marco regulatorio para el desarrollo de la industria del cannabis medicinal y para el c\u00e1\u00f1amo industrial\u201d, detall\u00f3.<\/p>\n<p>Encuesta Cannabis Chaco 2023<\/p>\n<p>La primera Encuesta Provincial \u201cCannabis Chaco 2023\u201d, creada por Decreto Provincial N\u00b0 2388\/23 y dise\u00f1ada por la empresa Ecom Chaco, est\u00e1 destinada a sectores o personas interesadas que quieran involucrarse en el rubro cann\u00e1bico. Con esta informaci\u00f3n, \u201ctendremos una recopilaci\u00f3n para tener un sistema de informaci\u00f3n estad\u00edstica para la toma de decisiones\u201d, asegur\u00f3 el mandatario. La encuesta es an\u00f3nima y las y los interesados podr\u00e1n participar de ella ingresando a encuestacannabis.chaco.gob.ar. La encuesta estar\u00e1 disponible a partir del 24 de agosto -por tres semanas- y a partir del 14 de septiembre se podr\u00e1n ver sus resultados, que permitir\u00e1n contar con un mapeo provincial para incorporar a la agenda de Gobierno la cuesti\u00f3n cann\u00e1bica y poder confeccionar pol\u00edticas en esta materia. Participaron del encuentro la ministra de Desarrollo Social, Mar\u00eda P\u00eda Chiacchio Cavana y el subsecretario de Empleo, Lucas Cepeda.<br \/>\nComisi\u00f3n especial dentro del sector y capacitaci\u00f3n de las fuerzas<\/p>\n<p>Tambi\u00e9n se defini\u00f3 la constituci\u00f3n de una Comisi\u00f3n Especial, por Decreto, con la participaci\u00f3n de m\u00faltiples sectores para avanzar en una agenda de trabajo, a fin de diagramar el marco regulatorio con fundaciones, sociedades an\u00f3nimas, entre otras que se dediquen al tema, para tener delimitado el objeto y encuadrarlo reglamentariamente. En esta l\u00ednea, el mandatario se refiri\u00f3 al trabajo con las fuerzas de seguridad y los procesos de capacitaci\u00f3n, en virtud de las personas debidamente registradas y que est\u00e9n dentro del marco regulatorio y por \u00faltimo, la confecci\u00f3n de una estructura de financiamiento.<\/p>\n<p>Acompa\u00f1amiento del Gobierno provincial<\/p>\n<p>Por \u00faltimo, el mandatario agreg\u00f3 que se podr\u00e1n involucrar a los Laboratorios Chaque\u00f1os y distintos emprendimientos productivos porque \u201centendemos que esto ir\u00e1 de una forma creciente y va a constituir una fuente de ingresos muy importante, pero a su vez tiene muchos usos y aplicaciones para la medicina y obviamente tambi\u00e9n para la ciencia veterinaria\u201d, asegur\u00f3 Capitanich. Renzo Braslavsky, emprendedor y activista del rubro cann\u00e1bico y que cuenta con un negocio donde se ofrecen insumos de cultivos, as\u00ed como talleres o cursos educativos (IGrow) se refiri\u00f3 a la encuesta, que permitir\u00e1 desarrollar \u201cmuchas aristas y cuestiones que son importantes tratar y que podamos abarcar, desarrollar e investigar con el cannabis\u201d, dijo. Nazzer Hiemur, integrante de la asociaci\u00f3n civil \u201cEd\u00e9n Cultiva\u201d, que acompa\u00f1a los tratamientos cannabicos de pacientes que lo necesitan, brindando acceso seguro y productos de calidad, celebr\u00f3 el encuentro con el gobernador: \u201cEl acompa\u00f1amiento del Estado es fundamental en materia de investigaci\u00f3n, salud, acceso a tecnolog\u00edas y formaci\u00f3n de las fuerzas de seguridad, para que podamos trabajar y con su apoyo, aprovechar esos recursos para tener mejores resultados en los tratamientos que acompa\u00f1amos\u201d, finaliz\u00f3 Hiemur.<br \/>\n <<a href=\"http:\/\/www.avg.com\/email-signature?utm_medium=email&#038;utm_source=link&#038;utm_campaign=sig-email&#038;utm_content=webmail\">www.avg.com\/email-signature?utm_medium=email&amp;utm_source=link&amp;utm_campaign=sig-email&amp;utm_content=webmail<\/a>> Libre de virus.www.avg.com <<a href=\"http:\/\/www.avg.com\/email-signature?utm_medium=email&#038;utm_source=link&#038;utm_campaign=sig-email&#038;utm_content=webmail\">www.avg.com\/email-signature?utm_medium=email&amp;utm_source=link&amp;utm_campaign=sig-email&amp;utm_content=webmail<\/a>> <#DAB4FAD8-2DD7-40BB-A1B8-4E2AA1F9FDF2><\/div>\n","protected":false},"excerpt":{"rendered":"<p>La iniciativa, dise\u00f1ada por ECOM, permitir\u00e1 obtener un mapeo sobre las pol\u00edticas requeridas en la cuesti\u00f3n cann\u00e1bica. Adem\u00e1s, anunciaron la constituci\u00f3n de una Comisi\u00f3n Especial para el sector y capacitaci\u00f3n para las fuerzas de seguridad entre otros puntos. El gobernador Jorge Capitanich se reuni\u00f3 este jueves con emprendedores, asociaciones civiles y ONG del sector cann\u00e1bico. [&hellip;]<\/p>\n","protected":false},"author":1,"featured_media":25708,"comment_status":"closed","ping_status":"closed","sticky":false,"template":"","format":"standard","meta":{"footnotes":""},"categories":[6],"tags":[],"class_list":{"0":"post-25707","1":"post","2":"type-post","3":"status-publish","4":"format-standard","5":"has-post-thumbnail","7":"category-chaco"},"_links":{"self":[{"href":"https:\/\/chacosintesis.com.ar\/index.php\/wp-json\/wp\/v2\/posts\/25707","targetHints":{"allow":["GET"]}}],"collection":[{"href":"https:\/\/chacosintesis.com.ar\/index.php\/wp-json\/wp\/v2\/posts"}],"about":[{"href":"https:\/\/chacosintesis.com.ar\/index.php\/wp-json\/wp\/v2\/types\/post"}],"author":[{"embeddable":true,"href":"https:\/\/chacosintesis.com.ar\/index.php\/wp-json\/wp\/v2\/users\/1"}],"replies":[{"embeddable":true,"href":"https:\/\/chacosintesis.com.ar\/index.php\/wp-json\/wp\/v2\/comments?post=25707"}],"version-history":[{"count":0,"href":"https:\/\/chacosintesis.com.ar\/index.php\/wp-json\/wp\/v2\/posts\/25707\/revisions"}],"wp:featuredmedia":[{"embeddable":true,"href":"https:\/\/chacosintesis.com.ar\/index.php\/wp-json\/wp\/v2\/media\/25708"}],"wp:attachment":[{"href":"https:\/\/chacosintesis.com.ar\/index.php\/wp-json\/wp\/v2\/media?parent=25707"}],"wp:term":[{"taxonomy":"category","embeddable":true,"href":"https:\/\/chacosintesis.com.ar\/index.php\/wp-json\/wp\/v2\/categories?post=25707"},{"taxonomy":"post_tag","embeddable":true,"href":"https:\/\/chacosintesis.com.ar\/index.php\/wp-json\/wp\/v2\/tags?post=25707"}],"curies":[{"name":"wp","href":"https:\/\/api.w.org\/{rel}","templated":true}]}}