{"id":25705,"date":"2023-08-25T10:59:17","date_gmt":"2023-08-25T13:59:17","guid":{"rendered":"https:\/\/chacosintesis.com.ar\/?p=25705"},"modified":"2023-08-25T11:07:16","modified_gmt":"2023-08-25T14:07:16","slug":"el-gobierno-presento-el-esquema-de-efectivizacion-de-contrato-de-servicio","status":"publish","type":"post","link":"https:\/\/chacosintesis.com.ar\/index.php\/el-gobierno-presento-el-esquema-de-efectivizacion-de-contrato-de-servicio\/","title":{"rendered":"El Gobierno present\u00f3 el Esquema de Efectivizaci\u00f3n de contrato de servicio"},"content":{"rendered":"<div class=\"postie-post\">Capitanich realiz\u00f3 el anuncio junto al ministro de Econom\u00eda y los representantes de ATE, UPCP y UPCN. \u201cPretendemos generar una pol\u00edtica activa tendiente a garantizar estabilidad&#8221;, destac\u00f3.<\/p>\n<p>Esta ma\u00f1ana, en el Sal\u00f3n Obligado de Casa de Gobierno, el gobernador Jorge Milton Capitanich, junto al ministro de Planificaci\u00f3n, Econom\u00eda e Infraestuctura Santiago P\u00e9rez Pons y los representantes de la Uni\u00f3n Personal Civil de la Provincia (UPCP), Jos\u00e9 Niz; de la Uni\u00f3n del Personal Civil de la Naci\u00f3n (UPCN), Perla Portal y de la Asociaci\u00f3n de Trabajadores del Estado (ATE), Mario Bustamante; anunciaron un esquema de efectivizaci\u00f3n del contrato de servicio para los trabajadores y trabajadoras de la Administraci\u00f3n Provincial.<br \/>\nEn esta ocasi\u00f3n, Capitanich destac\u00f3: \u201cpretendemos generar una pol\u00edtica activa tendiente a garantizar estabilidad y, por el otro lado, incentivos desde el punto de vista de las remuneraciones por parte del sector p\u00fablico\u201d.  \u201cNo requiere ning\u00fan cargo adicional, sino que se utiliza efectivamente el cargo presupuestado para mejorar el ingreso monetario de las personas que efectivamente forman parte del r\u00e9gimen contractual\u201d, aclar\u00f3.<br \/>\nEn este sentido, el gobernador explic\u00f3 que \u201cabarca cerca del 70% del personal de salud que, en general, son profesionales que se han incorporado con el objeto de garantizar este una mejor oferta prestacional\u201d. \u201cLos requerimientos y las demandas que existe por parte de la ciudadan\u00eda tiene que ver con m\u00e1s oferta de m\u00e9dicos y profesionales en el campo de la salud\u201d, mencion\u00f3.<br \/>\n \u201cEn ese contexto, trabajamos en un ordenamiento que nos permite pagar los salarios en tiempo y forma, con el objeto de garantizar previsibilidad para el gasto de las familias de los trabajadores y trabajadoras y fortalecer las condiciones laborales\u201d, remarc\u00f3 Capitanich. \u201cDespu\u00e9s de 11 a\u00f1os de debate y discusi\u00f3n, hemos podido articular, gracias a la buena predisposici\u00f3n de los representantes gremiales, un convenio colectivo de trabajo que pretende un proceso de transformaci\u00f3n de cargos para el personal contratado de servicios\u201d, expres\u00f3.<\/p>\n<p>En relaci\u00f3n a esto, Capitanich explic\u00f3 que \u201cesta decisi\u00f3n implica que sea ordenado, previsible y transparente\u201d. \u201cOrdenador porque se utilizar\u00e1n par\u00e1metros como antig\u00fcedad y formaci\u00f3n para ordenar las etapas de ingreso; previsible porque cada trabajador o trabajadora sabr\u00e1 cuando ingresa en planta permanente y tendr\u00e1 garantizado su lugar y su estabilidad laboral y, transparente porque el puntaje de cada trabajador ser\u00e1 publicado a trav\u00e9s de la CIAP\u201d, detall\u00f3.<\/p>\n<p>Por otra parte, el gobernador adelant\u00f3 que \u201cesta actualizaci\u00f3n se realizar\u00e1 en dos etapas, 60% de los trabajadores ingresar\u00e1n en el a\u00f1o en curso y 40% restante de los trabajadores en el a\u00f1o 2024\u201d.<\/p>\n<p> Finalmente, Capitanich destac\u00f3: \u201cel gobierno provincial contin\u00faa fortaleciendo las condiciones laborales de los y las trabajadoras y eso es parte de la agenda que estamos trabajando\u201d y agradeci\u00f3 la presencia de los representantes de ATE, UPCP y UPCN. \u201cCon ellos trabajamos para proteger el poder adquisitivo de los trabajadores\u201d, destac\u00f3.<br \/>\n\u201cTrabajamos con objetivos y metas consolidadas, en funci\u00f3n de consensos adquiridos en el marco de una negociaci\u00f3n colectiva, para reivindicar el derecho de los trabajadores, el rol del Estado y la capacidad para generar consensos en las pol\u00edticas p\u00fablicas\u201d, concluy\u00f3 el gobernador.<\/p><\/div>\n","protected":false},"excerpt":{"rendered":"<p>Capitanich realiz\u00f3 el anuncio junto al ministro de Econom\u00eda y los representantes de ATE, UPCP y UPCN. \u201cPretendemos generar una pol\u00edtica activa tendiente a garantizar estabilidad&#8221;, destac\u00f3. Esta ma\u00f1ana, en el Sal\u00f3n Obligado de Casa de Gobierno, el gobernador Jorge Milton Capitanich, junto al ministro de Planificaci\u00f3n, Econom\u00eda e Infraestuctura Santiago P\u00e9rez Pons y los [&hellip;]<\/p>\n","protected":false},"author":1,"featured_media":25706,"comment_status":"closed","ping_status":"closed","sticky":false,"template":"","format":"standard","meta":{"footnotes":""},"categories":[6],"tags":[],"class_list":{"0":"post-25705","1":"post","2":"type-post","3":"status-publish","4":"format-standard","5":"has-post-thumbnail","7":"category-chaco"},"_links":{"self":[{"href":"https:\/\/chacosintesis.com.ar\/index.php\/wp-json\/wp\/v2\/posts\/25705","targetHints":{"allow":["GET"]}}],"collection":[{"href":"https:\/\/chacosintesis.com.ar\/index.php\/wp-json\/wp\/v2\/posts"}],"about":[{"href":"https:\/\/chacosintesis.com.ar\/index.php\/wp-json\/wp\/v2\/types\/post"}],"author":[{"embeddable":true,"href":"https:\/\/chacosintesis.com.ar\/index.php\/wp-json\/wp\/v2\/users\/1"}],"replies":[{"embeddable":true,"href":"https:\/\/chacosintesis.com.ar\/index.php\/wp-json\/wp\/v2\/comments?post=25705"}],"version-history":[{"count":0,"href":"https:\/\/chacosintesis.com.ar\/index.php\/wp-json\/wp\/v2\/posts\/25705\/revisions"}],"wp:featuredmedia":[{"embeddable":true,"href":"https:\/\/chacosintesis.com.ar\/index.php\/wp-json\/wp\/v2\/media\/25706"}],"wp:attachment":[{"href":"https:\/\/chacosintesis.com.ar\/index.php\/wp-json\/wp\/v2\/media?parent=25705"}],"wp:term":[{"taxonomy":"category","embeddable":true,"href":"https:\/\/chacosintesis.com.ar\/index.php\/wp-json\/wp\/v2\/categories?post=25705"},{"taxonomy":"post_tag","embeddable":true,"href":"https:\/\/chacosintesis.com.ar\/index.php\/wp-json\/wp\/v2\/tags?post=25705"}],"curies":[{"name":"wp","href":"https:\/\/api.w.org\/{rel}","templated":true}]}}