{"id":25699,"date":"2023-08-25T07:58:30","date_gmt":"2023-08-25T10:58:30","guid":{"rendered":"https:\/\/chacosintesis.com.ar\/?p=25699"},"modified":"2023-08-25T08:06:46","modified_gmt":"2023-08-25T11:06:46","slug":"zdero-en-sanez-pena-no-somos-iguales-representamos-el-cambio-que-el-chaco-necesita","status":"publish","type":"post","link":"https:\/\/chacosintesis.com.ar\/index.php\/zdero-en-sanez-pena-no-somos-iguales-representamos-el-cambio-que-el-chaco-necesita\/","title":{"rendered":"Zdero en S\u00e1nez Pe\u00f1a: &#8220;No somos iguales, representamos el cambio que el Chaco necesita&#8221;"},"content":{"rendered":"<div class=\"postie-post\">Leandro Zdero, candidato a Gobernador de Juntos por el Cambio, con Silvana Schneider y Bruno Cipolini en S\u00e1enz Pe\u00f1a, encabezaron el acto de presentaci\u00f3n de candidatos de toda la provincia. \u201cEste 17 de septiembre, vamos a elegir entre el modelo Capitanich y el modelo Zdero; nosotros no somos iguales, representamos el cambio que el Chaco necesita y la gente nos hace sentir su acompa\u00f1amiento en cada localidad\u201d.<br \/>\nJuntos por el Cambio, realiz\u00f3 esta noche la presentaci\u00f3n de candidatos en el Club Acci\u00f3n de la ciudad termal con un multitudinario p\u00fablico y con las fuerzas de continuar trabajando, en territorio, llevando las propuestas para el Chaco que se viene.<br \/>\nLEANDRO ZDERO: \u201cLA JUVENTUD SER\u00c1 PROTAGONISTA EN MI GOBIERNO\u201d<br \/>\nSobre el rol fundamental de los j\u00f3venes y el protagonismo que hoy reclaman, Zdero afirm\u00f3: \u201cLa juventud ser\u00e1 protagonista en mi gobierno, ellos necesitan oportunidades para poder estudiar, desarrollarse y llevar adelante sus sue\u00f1os; los vamos a vincular con el mundo del trabajo y con la tecnolog\u00eda para que los j\u00f3venes elijan quedarse con su familia. Adem\u00e1s, vamos a transformar al Chaco con coraje y con un plan de gobierno que gu\u00ede el norte de nuestras acciones; nuestra alianza ser\u00e1 con el campo, con el docente, con el comerciante y con todos aquellos chaque\u00f1os de bien, que buscan un futuro mejor para nuestra provincia. Vamos a recuperar la dignidad de los chaque\u00f1os y la paz social porque el cambio no se detiene, avanza m\u00e1s y m\u00e1s en todo el Chaco\u201d.<br \/>\nBRUNO CIPOLINI: \u201cCON LA ESPERANZA DEL PUEBLO NO SE JUEGA, EL CAMBIO NO SE NEGOCIA\u201d<br \/>\nPor su parte, Bruno Cipolini, el actual intendente y candidato a renovar su cargo en la Municipalidad de Presidencia Roque S\u00e1enz Pe\u00f1a expres\u00f3: \u201cEstamos ante una oportunidad hist\u00f3rica para que el cambio llegue al Chaco. Estamos convencidos que con la esperanza del pueblo no se juega y el cambio no se negocia; falta muy poco, tenemos a los equipos trabajando en cada localidad y nos necesitamos todos para ser protagonistas el pr\u00f3ximo 17 de septiembre con el triunfo de Juntos por el Cambio porque el cambio es ahora, con Leandro Zdero gobernador y con cada uno de nuestros candidatos en su localidad\u201d.<\/div>\n","protected":false},"excerpt":{"rendered":"<p>Leandro Zdero, candidato a Gobernador de Juntos por el Cambio, con Silvana Schneider y Bruno Cipolini en S\u00e1enz Pe\u00f1a, encabezaron el acto de presentaci\u00f3n de candidatos de toda la provincia. \u201cEste 17 de septiembre, vamos a elegir entre el modelo Capitanich y el modelo Zdero; nosotros no somos iguales, representamos el cambio que el Chaco [&hellip;]<\/p>\n","protected":false},"author":1,"featured_media":25700,"comment_status":"closed","ping_status":"closed","sticky":false,"template":"","format":"standard","meta":{"footnotes":""},"categories":[6],"tags":[],"class_list":{"0":"post-25699","1":"post","2":"type-post","3":"status-publish","4":"format-standard","5":"has-post-thumbnail","7":"category-chaco"},"_links":{"self":[{"href":"https:\/\/chacosintesis.com.ar\/index.php\/wp-json\/wp\/v2\/posts\/25699","targetHints":{"allow":["GET"]}}],"collection":[{"href":"https:\/\/chacosintesis.com.ar\/index.php\/wp-json\/wp\/v2\/posts"}],"about":[{"href":"https:\/\/chacosintesis.com.ar\/index.php\/wp-json\/wp\/v2\/types\/post"}],"author":[{"embeddable":true,"href":"https:\/\/chacosintesis.com.ar\/index.php\/wp-json\/wp\/v2\/users\/1"}],"replies":[{"embeddable":true,"href":"https:\/\/chacosintesis.com.ar\/index.php\/wp-json\/wp\/v2\/comments?post=25699"}],"version-history":[{"count":0,"href":"https:\/\/chacosintesis.com.ar\/index.php\/wp-json\/wp\/v2\/posts\/25699\/revisions"}],"wp:featuredmedia":[{"embeddable":true,"href":"https:\/\/chacosintesis.com.ar\/index.php\/wp-json\/wp\/v2\/media\/25700"}],"wp:attachment":[{"href":"https:\/\/chacosintesis.com.ar\/index.php\/wp-json\/wp\/v2\/media?parent=25699"}],"wp:term":[{"taxonomy":"category","embeddable":true,"href":"https:\/\/chacosintesis.com.ar\/index.php\/wp-json\/wp\/v2\/categories?post=25699"},{"taxonomy":"post_tag","embeddable":true,"href":"https:\/\/chacosintesis.com.ar\/index.php\/wp-json\/wp\/v2\/tags?post=25699"}],"curies":[{"name":"wp","href":"https:\/\/api.w.org\/{rel}","templated":true}]}}