{"id":25695,"date":"2023-08-24T18:22:27","date_gmt":"2023-08-24T21:22:27","guid":{"rendered":"https:\/\/chacosintesis.com.ar\/?p=25695"},"modified":"2023-08-24T18:37:39","modified_gmt":"2023-08-24T21:37:39","slug":"la-cultura-del-chaco-en-tecnopolis-cronograma-completo-de-actividades","status":"publish","type":"post","link":"https:\/\/chacosintesis.com.ar\/index.php\/la-cultura-del-chaco-en-tecnopolis-cronograma-completo-de-actividades\/","title":{"rendered":"La cultura del Chaco, en Tecn\u00f3polis: cronograma completo de actividades"},"content":{"rendered":"<div class=\"postie-post\">La exposici\u00f3n ser\u00e1 este s\u00e1bado y domingo 27, de 12 a 19. El ingreso es libre y gratuito, no hay que sacar entrada.<br \/>\nSe trata de la tercera edici\u00f3n de Argentina Unida se Muestra, que este a\u00f1o se realiza bajo la consigna \u201c40 a\u00f1os de Democracia\u201d y se lleva a cabo desde el 15 de julio, hasta el domingo 27 de agosto, en el predio de Tecn\u00f3polis (Buenos Aires).<br \/>\nEst\u00e1 organizada por el Ministerio de Cultura de la Naci\u00f3n, a trav\u00e9s de la Secretar\u00eda de Desarrollo Cultural, la Direcci\u00f3n de Coordinaci\u00f3n del Consejo Federal Cultura y el Consejo Federal de Cultura representado por las \u00e1reas de cultura de los gobiernos provinciales, entre los cuales se encuentra el Instituto de Cultura del Chaco, y los entes de cultura regionales. Al igual que las ediciones anteriores cada regi\u00f3n cultural tiene destinadas fechas espec\u00edficas para presentar sus actividades art\u00edsticas.<br \/>\nEn el caso de Chaco, sumar\u00e1 a la muestra la participaci\u00f3n musical del Capit\u00e1n Teuco, el ya conocido unipersonal encarnado en Seba Ibarra quien invita a conocer las andanzas de este personaje y sus extra\u00f1as investigaciones sobre el monte y la selva a trav\u00e9s de divertidas canciones. La actividad tendr\u00e1 lugar el mismo 26 de agosto en el Patio Federal.<br \/>\nAdem\u00e1s, en el espacio de Muestra, trabajadores del ICCh presentar\u00e1n una obra audiovisual que condensa los Nunca M\u00e1s de Chaco, donde se exponen en registro documental los juicios por la masacre de Margarita Bel\u00e9n, por la masacre de Napalp\u00ed, y los juicios por cuestiones de g\u00e9nero que cobraron especial relevancia en nuestra historia judicial y democr\u00e1tica.<br \/>\nEl Parque podr\u00e1 visitarse el s\u00e1bado 26 y domingo 27 de 12 a 19. El ingreso es libre y gratuito, no hay que sacar entrada.<br \/>\nCelebrar 40 a\u00f1os de democracia<br \/>\nEl objetivo de \u201cArgentina Unida se Muestra\u201d es visibilizar y difundir la cultura nacional con su diversidad e identidad que la caracteriza. Una muestra federal en la que la cultura celebra los 40 a\u00f1os de la Democracia.<br \/>\nArgentina Unida se Muestra, 40 a\u00f1os de Democracia cuenta con tres espacios:<br \/>\nLa muestra permanente es la construcci\u00f3n colectiva de la identidad nacional y la democracia en la que cada provincia expone mediante im\u00e1genes, audiovisuales y textos los hitos culturales de los 40 a\u00f1os de Democracia en cada lugar de la Argentina.<br \/>\nPatio Federal: actividades art\u00edsticas en vivo con expresiones de m\u00fasica y danza de todas las regiones y provincias del pa\u00eds.<br \/>\nGaler\u00eda Regional: un espacio dedicado a la exposici\u00f3n y venta de gastronom\u00eda y artesan\u00edas de cada provincia.<br \/>\n<<a href=\"http:\/\/www.avg.com\/email-signature?utm_medium=email&#038;utm_source=link&#038;utm_campaign=sig-email&#038;utm_content=webmail\">www.avg.com\/email-signature?utm_medium=email&amp;utm_source=link&amp;utm_campaign=sig-email&amp;utm_content=webmail<\/a>> Libre de virus.www.avg.com <<a href=\"http:\/\/www.avg.com\/email-signature?utm_medium=email&#038;utm_source=link&#038;utm_campaign=sig-email&#038;utm_content=webmail\">www.avg.com\/email-signature?utm_medium=email&amp;utm_source=link&amp;utm_campaign=sig-email&amp;utm_content=webmail<\/a>> <#DAB4FAD8-2DD7-40BB-A1B8-4E2AA1F9FDF2><\/div>\n","protected":false},"excerpt":{"rendered":"<p>La exposici\u00f3n ser\u00e1 este s\u00e1bado y domingo 27, de 12 a 19. El ingreso es libre y gratuito, no hay que sacar entrada. Se trata de la tercera edici\u00f3n de Argentina Unida se Muestra, que este a\u00f1o se realiza bajo la consigna \u201c40 a\u00f1os de Democracia\u201d y se lleva a cabo desde el 15 de [&hellip;]<\/p>\n","protected":false},"author":1,"featured_media":25696,"comment_status":"closed","ping_status":"closed","sticky":false,"template":"","format":"standard","meta":{"footnotes":""},"categories":[6],"tags":[],"class_list":{"0":"post-25695","1":"post","2":"type-post","3":"status-publish","4":"format-standard","5":"has-post-thumbnail","7":"category-chaco"},"_links":{"self":[{"href":"https:\/\/chacosintesis.com.ar\/index.php\/wp-json\/wp\/v2\/posts\/25695","targetHints":{"allow":["GET"]}}],"collection":[{"href":"https:\/\/chacosintesis.com.ar\/index.php\/wp-json\/wp\/v2\/posts"}],"about":[{"href":"https:\/\/chacosintesis.com.ar\/index.php\/wp-json\/wp\/v2\/types\/post"}],"author":[{"embeddable":true,"href":"https:\/\/chacosintesis.com.ar\/index.php\/wp-json\/wp\/v2\/users\/1"}],"replies":[{"embeddable":true,"href":"https:\/\/chacosintesis.com.ar\/index.php\/wp-json\/wp\/v2\/comments?post=25695"}],"version-history":[{"count":0,"href":"https:\/\/chacosintesis.com.ar\/index.php\/wp-json\/wp\/v2\/posts\/25695\/revisions"}],"wp:featuredmedia":[{"embeddable":true,"href":"https:\/\/chacosintesis.com.ar\/index.php\/wp-json\/wp\/v2\/media\/25696"}],"wp:attachment":[{"href":"https:\/\/chacosintesis.com.ar\/index.php\/wp-json\/wp\/v2\/media?parent=25695"}],"wp:term":[{"taxonomy":"category","embeddable":true,"href":"https:\/\/chacosintesis.com.ar\/index.php\/wp-json\/wp\/v2\/categories?post=25695"},{"taxonomy":"post_tag","embeddable":true,"href":"https:\/\/chacosintesis.com.ar\/index.php\/wp-json\/wp\/v2\/tags?post=25695"}],"curies":[{"name":"wp","href":"https:\/\/api.w.org\/{rel}","templated":true}]}}