{"id":25693,"date":"2023-08-24T18:21:32","date_gmt":"2023-08-24T21:21:32","guid":{"rendered":"https:\/\/chacosintesis.com.ar\/?p=25693"},"modified":"2023-08-24T18:37:34","modified_gmt":"2023-08-24T21:37:34","slug":"mas-familias-de-castelli-accedieron-a-derechos-viviendas-y-titulos-de-propiedad-rural","status":"publish","type":"post","link":"https:\/\/chacosintesis.com.ar\/index.php\/mas-familias-de-castelli-accedieron-a-derechos-viviendas-y-titulos-de-propiedad-rural\/","title":{"rendered":"M\u00e1s familias de Castelli accedieron a derechos: viviendas y t\u00edtulos de propiedad rural"},"content":{"rendered":"<div class=\"postie-post\">El gobernador Capitanich entreg\u00f3 72 viviendas en la zona norte de la ciudad y 37 t\u00edtulos de propiedad. &#8220;Seguimos garantizando el acceso a la vivienda y promovemos el arraigo a la tierra, como reivindicaci\u00f3n hist\u00f3rica para nuestros productores y comunidades rurales&#8221;, expres\u00f3.<br \/>\nEn Juan Jos\u00e9 Castelli, el gobernador Jorge Capitanich y la vicegobernadora Anal\u00eda Rach Quiroga entregaron este jueves 72 nuevas viviendas y 37 t\u00edtulos de propiedad del Instituto de Colonizaci\u00f3n. \u201cNo hay mayor alegr\u00eda que entregar una vivienda, sobre todo cuando las familias la esperaron y anhelaron durante tantos a\u00f1os\u201d, expres\u00f3 el gobernador, destacando que a lo largo de sus mandatos, en la localidad se habr\u00e1n construido 472 unidades habitacionales una vez que se terminen las que se encuentran en ejecuci\u00f3n.<br \/>\nEn esta oportunidad, el mandatario entreg\u00f3 las llaves de las viviendas, resultado de un proyecto que signific\u00f3 una inversi\u00f3n de $1.146.579.867 a trav\u00e9s del programa Casa Propia-Construir Futuro y que gener\u00f3 108 puestos de trabajo. \u201cCada vivienda tiene un valor de 14.4 millones de pesos, y la cuota social que paga el adjudicatario alcanza a cubrir el 30% de este valor. Si no estuviese el Estado asignando estos recursos, cada vez la posibilidad de acceder a una vivienda, a un trabajo digno y a infraestructura, ser\u00eda pr\u00e1cticamente imposible\u201d, grafic\u00f3 Capitanich. Cada n\u00facleo familiar recibi\u00f3 tambi\u00e9n \u00e1rboles y un kit de libros. \u201cGarantizamos adem\u00e1s estos otros dos derechos: a la cultura y al ambiente sano, para las familias\u201d, expres\u00f3 el gobernador.<br \/>\nEn la oportunidad, el Gobierno provincial entreg\u00f3 al municipio c\u00e1maras de seguridad del programa Municipios Seguros. \u201cEstamos dotando a 30 municipios del equipamiento necesario para llevar adelante una adecuada prevenci\u00f3n del delito\u201d, remarc\u00f3 el mandatario.<br \/>\nParticiparon de la actividad el presidente del Instituto de Desarrollo Urbano y la Vivienda (IPDUV), Diego Ar\u00e9valo; la ministra de Ambiente y Desarrollo Territorial Sostenible, Marta Soneira; la presidenta del Instituto de Colonizaci\u00f3n, Sheina Waicman; el intendente de Juan Jos\u00e9 Castelli Pio Sander; los vocales del IPDUV, Mirko Nicolich y Mariano Brahim; dem\u00e1s funcionarios provinciales y municipales.<br \/>\nUna comunidad que crece y un Estado que acompa\u00f1a<br \/>\nEl intendente P\u00edo Sander destac\u00f3 la importancia de las nuevas viviendas que \u201crevalorizan el ingreso norte de la ciudad\u201d. Felicit\u00f3 a los beneficiarios como as\u00ed tambi\u00e9n a los empresarios que tuvieron a su cargo las obras. \u201cVa a permitir adem\u00e1s desarrollar toda esta zona con nuevos loteos y reactivar la econom\u00eda\u201d, asegur\u00f3.<br \/>\nEl jefe comunal hizo hincapi\u00e9 en el crecimiento demogr\u00e1fico de la ciudad e insisti\u00f3 que es necesario continuar con la pol\u00edtica habitacional como prioridad. \u201cNuestra ciudad crece demogr\u00e1ficamente y tenemos ganas de seguir creciendo y trabajando con el empuje que venimos haci\u00e9ndolo junto al gobierno provincial\u201d, manifest\u00f3.<br \/>\nEn tanto el presidente del IPDUV Diego Ar\u00e9valo, destac\u00f3 las gestiones que lleva adelante el gobernador Capitanich con el Gobierno nacional para que la provincia acceda a programas de construcci\u00f3n. \u201cVenimos trabajando en poder generar muchas oportunidades para el acceso a la vivienda. Gestionar programas a nivel nacional que abran puertas para ejecutarlas, con el intermedio del gobernador, que es gestor de estas obras\u201d, se\u00f1al\u00f3. \u201cEn medio de tanta incertidumbre queremos generar la seguridad del techo propio y esa seguridad la construimos entre todos con un gobierno de estas caracter\u00edsticas\u201d, manifest\u00f3 Ar\u00e9valo.<br \/>\nEntrega de t\u00edtulos de propiedad<br \/>\nEn la jornada, el gobernador entreg\u00f3 37 t\u00edtulos de propiedad a familias rurales de Castelli. \u201cEl Estado tiene un compromiso y una deuda de honor con nuestros productores. Este es un reconocimiento a que la tierra es de quien la trabaja\u201d, expres\u00f3.<br \/>\nEl plan de titularizaci\u00f3n de tierras provincial tiene una meta de alcanzar los 8 mil t\u00edtulos entregados. Al momento, ya se otorgaron m\u00e1s de 5.800 t\u00edtulos en toda la provincia. \u201cEs un acto de reparaci\u00f3n hist\u00f3rica para las comunidades rurales, como parte de un plan en el que nos propusimos llegar a la titularizaci\u00f3n de todas las parcelas rurales. Promovemos y propiciamos el arraigo a la tierra\u201d, sostuvo Capitanich.<br \/>\n<<a href=\"http:\/\/www.avg.com\/email-signature?utm_medium=email&#038;utm_source=link&#038;utm_campaign=sig-email&#038;utm_content=webmail\">www.avg.com\/email-signature?utm_medium=email&amp;utm_source=link&amp;utm_campaign=sig-email&amp;utm_content=webmail<\/a>> Libre de virus.www.avg.com <<a href=\"http:\/\/www.avg.com\/email-signature?utm_medium=email&#038;utm_source=link&#038;utm_campaign=sig-email&#038;utm_content=webmail\">www.avg.com\/email-signature?utm_medium=email&amp;utm_source=link&amp;utm_campaign=sig-email&amp;utm_content=webmail<\/a>> <#DAB4FAD8-2DD7-40BB-A1B8-4E2AA1F9FDF2><\/div>\n","protected":false},"excerpt":{"rendered":"<p>El gobernador Capitanich entreg\u00f3 72 viviendas en la zona norte de la ciudad y 37 t\u00edtulos de propiedad. &#8220;Seguimos garantizando el acceso a la vivienda y promovemos el arraigo a la tierra, como reivindicaci\u00f3n hist\u00f3rica para nuestros productores y comunidades rurales&#8221;, expres\u00f3. En Juan Jos\u00e9 Castelli, el gobernador Jorge Capitanich y la vicegobernadora Anal\u00eda Rach [&hellip;]<\/p>\n","protected":false},"author":1,"featured_media":25694,"comment_status":"closed","ping_status":"closed","sticky":false,"template":"","format":"standard","meta":{"footnotes":""},"categories":[6],"tags":[],"class_list":{"0":"post-25693","1":"post","2":"type-post","3":"status-publish","4":"format-standard","5":"has-post-thumbnail","7":"category-chaco"},"_links":{"self":[{"href":"https:\/\/chacosintesis.com.ar\/index.php\/wp-json\/wp\/v2\/posts\/25693","targetHints":{"allow":["GET"]}}],"collection":[{"href":"https:\/\/chacosintesis.com.ar\/index.php\/wp-json\/wp\/v2\/posts"}],"about":[{"href":"https:\/\/chacosintesis.com.ar\/index.php\/wp-json\/wp\/v2\/types\/post"}],"author":[{"embeddable":true,"href":"https:\/\/chacosintesis.com.ar\/index.php\/wp-json\/wp\/v2\/users\/1"}],"replies":[{"embeddable":true,"href":"https:\/\/chacosintesis.com.ar\/index.php\/wp-json\/wp\/v2\/comments?post=25693"}],"version-history":[{"count":0,"href":"https:\/\/chacosintesis.com.ar\/index.php\/wp-json\/wp\/v2\/posts\/25693\/revisions"}],"wp:featuredmedia":[{"embeddable":true,"href":"https:\/\/chacosintesis.com.ar\/index.php\/wp-json\/wp\/v2\/media\/25694"}],"wp:attachment":[{"href":"https:\/\/chacosintesis.com.ar\/index.php\/wp-json\/wp\/v2\/media?parent=25693"}],"wp:term":[{"taxonomy":"category","embeddable":true,"href":"https:\/\/chacosintesis.com.ar\/index.php\/wp-json\/wp\/v2\/categories?post=25693"},{"taxonomy":"post_tag","embeddable":true,"href":"https:\/\/chacosintesis.com.ar\/index.php\/wp-json\/wp\/v2\/tags?post=25693"}],"curies":[{"name":"wp","href":"https:\/\/api.w.org\/{rel}","templated":true}]}}