{"id":25691,"date":"2023-08-24T18:19:44","date_gmt":"2023-08-24T21:19:44","guid":{"rendered":"https:\/\/chacosintesis.com.ar\/?p=25691"},"modified":"2023-08-24T18:37:30","modified_gmt":"2023-08-24T21:37:30","slug":"arquitectas-chaquenas-presentaron-el-programa-de-acceso-al-suelo-todo-terreno-implementado-en-el-ipduv","status":"publish","type":"post","link":"https:\/\/chacosintesis.com.ar\/index.php\/arquitectas-chaquenas-presentaron-el-programa-de-acceso-al-suelo-todo-terreno-implementado-en-el-ipduv\/","title":{"rendered":"Arquitectas chaque\u00f1as presentaron el programa de Acceso al Suelo Todo Terreno implementado en el Ipduv"},"content":{"rendered":"<div class=\"postie-post\">Con la presencia del ministro Daniel Filmus se present\u00f3 el proyecto de cooperaci\u00f3n interinstitucional para el an\u00e1lisis, difusi\u00f3n y generaci\u00f3n de propuestas relacionadas al perfeccionamiento e innovaci\u00f3n en pol\u00edticas, programas y proyectos de h\u00e1bitat. El evento cont\u00f3 con la presencia de especialistas, funcionarios e investigadores de todo el pa\u00eds.<br \/>\nEn el Polo Cient\u00edfico Tecnol\u00f3gico de la Ciudad Aut\u00f3noma de Buenos Aires se desarrollaron hoy las primeras Jornadas del Laboratorio del H\u00e1bitat Argentino (LHAR). De esta forma, se lanz\u00f3 la primera red nacional de instituciones de investigaci\u00f3n, ense\u00f1anza y gesti\u00f3n de h\u00e1bitat del pa\u00eds. En el lugar, las arquitectas chaque\u00f1as Mar\u00eda Laura Fern\u00e1ndez y Gabriela Ebel presentaron el Programa de Acceso al Suelo Todo Terreno (PTT). El trabajo elaborado por las arquitectas y urbanistas fue implementado en la Gerencia de Desarrollo Urbano del Instituto Provincial de Desarrollo Urbano y Vivienda del Chaco (Ipduv).<br \/>\nEl objetivo del LHAR es desarrollar evidencias sobre el d\u00e9ficit, los modelos y tecnolog\u00edas de producci\u00f3n de h\u00e1bitat asequible en la Argentina, proponiendo recomendaciones de vivienda y h\u00e1bitat adecuado en relaci\u00f3n a la zonificaci\u00f3n bioclim\u00e1tica, perfiles socio-econ\u00f3micos en provincias y municipios, as\u00ed como consideraci\u00f3n de niveles de riesgo ambiental y adaptaci\u00f3n al cambio clim\u00e1tico en las distintas geograf\u00edas del pa\u00eds.<br \/>\nEl evento cont\u00f3 con la presencia de especialistas, funcionarios e investigadores de todo el pa\u00eds. Acompa\u00f1aron al ministro de Ciencia, Tecnolog\u00eda e Innovaci\u00f3n, Daniel Filmus en el panel la directora nacional de Desarrollo Tecnol\u00f3gico e Innovaci\u00f3n del Ministerio, Carolina Mera; el director de la Maestr\u00eda en Planificaci\u00f3n Urbana y Regional \/ Centro de H\u00e1bitat y Municipios (UBA, FADU), doctor arquitecto Fernando Murillo; el director del Instituto de la Espacialidad Humana (UBA, FADU), doctor arquitecto Javier Fern\u00e1ndez Castro; y la secretaria acad\u00e9mica de la Facultad de Ciencias Sociales (UBA, FSOC), licenciada Sandra Gim\u00e9nez.<br \/>\nEn la ocasi\u00f3n, Filmus expres\u00f3: \u201cPara nosotros es fundamental la articulaci\u00f3n en un tema tan interdisciplinario como lo es el tema del h\u00e1bitat. Todos los debates que se plantearon se dan en un contexto en donde est\u00e1 en debate el papel de la ciencia y la inversi\u00f3n en ciencia, especialmente en las Ciencias Sociales. En ese sentido, es muy bueno que cuenten con el Ministerio para generar las condiciones para el sostenimiento de sus investigaciones\u201d.<br \/>\nAdem\u00e1s, asegur\u00f3 que es necesario \u201cbuscar la forma de articular la investigaci\u00f3n para que tenga un sustento emp\u00edrico en la elaboraci\u00f3n y el dise\u00f1o de las pol\u00edticas p\u00fablicas\u201d. En ese sentido, el titular de Ciencia afirm\u00f3: \u201cTenemos que dar un debate muy fuerte, no podemos dejar que se cuestione sin argumentos la vigencia y la necesidad de la inversi\u00f3n p\u00fablica en ciencia, eso no es algo para el sector privado. Son temas que hacen a la igualdad y al derecho al acceso a una vida de calidad para todos, y no es otro el Estado el que deba financiar esto, lo que no quiere decir que tambi\u00e9n haya otros actores\u201d. \u201cTenemos que acabar con las pol\u00edticas pendulares y contar con leyes que fijen la financiaci\u00f3n, para que ning\u00fan gobierno nos mande a lavar los platos\u201d, cerr\u00f3<br \/>\nPrograma de Acceso al Suelo Todo Terreno<br \/>\nEn la oportunidad, las arquitectas Mar\u00eda Laura Fern\u00e1ndez y Gabriela Ebel presentaron el Programa de Acceso al Suelo Todo Terreno (PTT). El trabajo elaborado por las arquitectas y urbanistas fue implementado en la Gerencia de Desarrollo Urbano del Instituto Provincial de Desarrollo Urbano y Vivienda del Chaco (Ipduv) y tiene por objetivo ofrecer cuatro diferentes l\u00edneas de producci\u00f3n de suelo urbano que permiten al IPDUV obtener, desarrollar y ofertar parcelas urbanizadas a precios inferiores a los del mercado inmobiliario.<br \/>\n\u201cEl derecho a la vivienda es un derecho humano b\u00e1sico expresado en la Constituci\u00f3n y est\u00e1 en \u00edntima vinculaci\u00f3n con el derecho a la ciudad, ya que la vivienda es la unidad m\u00ednima y fundamental en torno a la cual se constituyen, de modo eficiente, el resto de las actividades sobre las cuales se desarrollan las ciudades. Desarrollar suelo servido desde el Estado permite abordar el tema del acceso a la vivienda digna desde las limitaciones iniciales y hacerse cargo de una parte fundamental de la problem\u00e1tica\u201d, asegur\u00f3 la arquitecta Fern\u00e1ndez.<br \/>\nPor su parte, Ebel reflexion\u00f3 que \u201cen la actualidad, muchas de las respuestas del Estado provincial est\u00e1n direccionadas a la oferta de soluciones habitacionales de manera directa a trav\u00e9s de la construcci\u00f3n de la vivienda completa o su mejoramiento o, de manera indirecta, mediante cr\u00e9ditos para la construcci\u00f3n o ampliaci\u00f3n de la unidad habitacional; pero de ning\u00fan modo regula el mercado del suelo urbano mediante la producci\u00f3n y oferta propia, siendo el suelo servido un elemento central para el acceso formal a la vivienda\u201d.<br \/>\nEn este sentido, la introducci\u00f3n de pol\u00edticas habitacionales alternativas a las tradicionales establece una referencia de oferta y un l\u00edmite al incremento desmedido de la especulaci\u00f3n inmobiliaria. El Estado cumple un rol de desarrollador urbano, estableciendo un modelo de esfuerzo compartido entre el gobierno, empresas, instituciones y beneficiarios en las distintas etapas del proceso, integrando al ciudadano en el proceso de construcci\u00f3n y promoviendo el esfuerzo compartido de todos los actores sociales (p\u00fablicos y privados) en el abordaje de la problem\u00e1tica habitacional. Esta pol\u00edtica espec\u00edfica se convierte en un activo para el dictado de pol\u00edticas de car\u00e1cter redistributivo para la poblaci\u00f3n.<br \/>\nFern\u00e1ndez tambi\u00e9n reforz\u00f3 que gracias a la creaci\u00f3n y existencia del Ministerio de Desarrollo Territorial y H\u00e1bitat de la Naci\u00f3n (MDTyH) y la Direcci\u00f3n Nacional de Pol\u00edtica de Suelo y Regularizaci\u00f3n Dominial se pudieron desarrollar con \u00e9xito varias experiencias de gesti\u00f3n asociada con entidades intermedias que le permitieron al IPDUV concretar varios financiamientos. Esto no s\u00f3lo resolvi\u00f3 una demanda concreta de suelo urbano servido y viviendas, si no tambi\u00e9n fortaleci\u00f3 las capacidades de articulaci\u00f3n p\u00fablico\/privada del IPDUV, generando antecedentes y un modelo de gesti\u00f3n que luego fue trasladado a otros programas y operatorias espec\u00edficas de construcci\u00f3n de viviendas.<br \/>\nLa gerenta de Desarrollo Urbano del IPDUV, Gabriela Ebel explic\u00f3 que \u201cel dise\u00f1o del PTT se vali\u00f3 de la aplicaci\u00f3n de Tecnolog\u00edas de la Informaci\u00f3n Geogr\u00e1fica (TIG) -en las que la Gerencia del IPDUV es pionera desde los a\u00f1os \u201990-, que permitieron la adecuaci\u00f3n tecnol\u00f3gica y reorganizaci\u00f3n de la informaci\u00f3n geogr\u00e1fica, procesos y recursos humanos, utilizando un SIG Organizacional\u201d.<br \/>\n<<a href=\"http:\/\/www.avg.com\/email-signature?utm_medium=email&#038;utm_source=link&#038;utm_campaign=sig-email&#038;utm_content=webmail\">www.avg.com\/email-signature?utm_medium=email&amp;utm_source=link&amp;utm_campaign=sig-email&amp;utm_content=webmail<\/a>> Libre de virus.www.avg.com <<a href=\"http:\/\/www.avg.com\/email-signature?utm_medium=email&#038;utm_source=link&#038;utm_campaign=sig-email&#038;utm_content=webmail\">www.avg.com\/email-signature?utm_medium=email&amp;utm_source=link&amp;utm_campaign=sig-email&amp;utm_content=webmail<\/a>> <#DAB4FAD8-2DD7-40BB-A1B8-4E2AA1F9FDF2><\/div>\n","protected":false},"excerpt":{"rendered":"<p>Con la presencia del ministro Daniel Filmus se present\u00f3 el proyecto de cooperaci\u00f3n interinstitucional para el an\u00e1lisis, difusi\u00f3n y generaci\u00f3n de propuestas relacionadas al perfeccionamiento e innovaci\u00f3n en pol\u00edticas, programas y proyectos de h\u00e1bitat. El evento cont\u00f3 con la presencia de especialistas, funcionarios e investigadores de todo el pa\u00eds. En el Polo Cient\u00edfico Tecnol\u00f3gico de [&hellip;]<\/p>\n","protected":false},"author":1,"featured_media":25692,"comment_status":"closed","ping_status":"closed","sticky":false,"template":"","format":"standard","meta":{"footnotes":""},"categories":[6],"tags":[],"class_list":{"0":"post-25691","1":"post","2":"type-post","3":"status-publish","4":"format-standard","5":"has-post-thumbnail","7":"category-chaco"},"_links":{"self":[{"href":"https:\/\/chacosintesis.com.ar\/index.php\/wp-json\/wp\/v2\/posts\/25691","targetHints":{"allow":["GET"]}}],"collection":[{"href":"https:\/\/chacosintesis.com.ar\/index.php\/wp-json\/wp\/v2\/posts"}],"about":[{"href":"https:\/\/chacosintesis.com.ar\/index.php\/wp-json\/wp\/v2\/types\/post"}],"author":[{"embeddable":true,"href":"https:\/\/chacosintesis.com.ar\/index.php\/wp-json\/wp\/v2\/users\/1"}],"replies":[{"embeddable":true,"href":"https:\/\/chacosintesis.com.ar\/index.php\/wp-json\/wp\/v2\/comments?post=25691"}],"version-history":[{"count":0,"href":"https:\/\/chacosintesis.com.ar\/index.php\/wp-json\/wp\/v2\/posts\/25691\/revisions"}],"wp:featuredmedia":[{"embeddable":true,"href":"https:\/\/chacosintesis.com.ar\/index.php\/wp-json\/wp\/v2\/media\/25692"}],"wp:attachment":[{"href":"https:\/\/chacosintesis.com.ar\/index.php\/wp-json\/wp\/v2\/media?parent=25691"}],"wp:term":[{"taxonomy":"category","embeddable":true,"href":"https:\/\/chacosintesis.com.ar\/index.php\/wp-json\/wp\/v2\/categories?post=25691"},{"taxonomy":"post_tag","embeddable":true,"href":"https:\/\/chacosintesis.com.ar\/index.php\/wp-json\/wp\/v2\/tags?post=25691"}],"curies":[{"name":"wp","href":"https:\/\/api.w.org\/{rel}","templated":true}]}}