{"id":25689,"date":"2023-08-24T18:16:25","date_gmt":"2023-08-24T21:16:25","guid":{"rendered":"https:\/\/chacosintesis.com.ar\/?p=25689"},"modified":"2023-08-24T18:37:26","modified_gmt":"2023-08-24T21:37:26","slug":"sortearon-orden-de-exposicion-en-los-debates-preelectorales-del-chaco","status":"publish","type":"post","link":"https:\/\/chacosintesis.com.ar\/index.php\/sortearon-orden-de-exposicion-en-los-debates-preelectorales-del-chaco\/","title":{"rendered":"Sortearon orden de exposici\u00f3n en los debates preelectorales del Chaco"},"content":{"rendered":"<div class=\"postie-post\">Los debates preelectorales tendr\u00e1n lugar en el Hotel Platinum de Charata y en el Sal\u00f3n Casablanca Gala de Resistencia, a partir de las 21, con transmisi\u00f3n en vivo a trav\u00e9s de Canal 9 \u2013 TV Resistencia SA.<br \/>\nEl Tribunal Electoral del Chaco sorte\u00f3 el orden en que se desarrollar\u00e1n las instancias de los debates electorales previstos para candidatos a diputados y gobernador en Charata el 27 y 28 de agosto y en Resistencia el 4 y 5 de septiembre, respectivamente. En el acto estuvieron presentes la presidenta del TE, Emilia Mar\u00eda Valle, la jueza Silvana Morando, el procurador fiscal Francisco De Obald\u00eda Eyseric y la secretaria electoral Marcela Centuri\u00f3n Yedro, adem\u00e1s de apoderadas y apoderados de las agrupaciones pol\u00edticas encuadradas en la obligatoriedad de la ley 2113-Q.<br \/>\nLos debates preelectorales tendr\u00e1n lugar en el Hotel Platinum de Charata y en el Sal\u00f3n Casablanca Gala de Resistencia, a partir de las 21, con transmisi\u00f3n en vivo a trav\u00e9s de Canal 9 TV Resistencia SA. La moderaci\u00f3n de los debates para candidatos a gobernador estar\u00e1 a cargo de Pedro C\u00e1ceres en tanto que Miguel Escalante fue sorteado como suplente. Mientras que en los debates para candidatos a diputados provinciales el moderador titular ser\u00e1 Fabio Rodr\u00edguez y el suplente, Marco Messina.<br \/>\n27 de agosto: diputados<br \/>\nEn el debate de candidatos a diputados provinciales en Charata el 27 de agosto los atriles ser\u00e1n ocupados en el siguiente orden: 1. Iv\u00e1n Gyoker, 2. Salvador Parra Moreno, 3. Agust\u00edn Romero y 4. Santiago P\u00e9rez Pons.<br \/>\nEl orden de incorporaci\u00f3n al set, presentaci\u00f3n inicial a cargo del moderador y presentaci\u00f3n propia de cada candidato ser\u00e1: Gyoker, P\u00e9rez Pons, Romero y Parra Moreno.<br \/>\nHabr\u00e1 cuatro bloques tem\u00e1ticos y sus correspondientes r\u00e9plicas:<br \/>\n1. Desarrollo econ\u00f3mico: producci\u00f3n, industria y comercio.<br \/>\n2. Desarrollo humano: discapacidad, juventud y deportes, g\u00e9nero y diversidad, y pueblos ind\u00edgenas.<br \/>\n3. Seguridad y justicia: calidad institucional, pol\u00edtica anticorrupci\u00f3n.<br \/>\n4. Tem\u00e1tica abierta: tres preguntas de redes, tel\u00e9fonos y otros.<br \/>\nLuego tendr\u00e1n su espacio para el cierre.<br \/>\nEl orden de exposici\u00f3n ser\u00e1:<br \/>\nBloque 1: Romero, P\u00e9rez Pons, Gyoker y Parra Moreno.<br \/>\nBloque 2: P\u00e9rez Pons, Gyoker, Parra Moreno y Romero.<br \/>\nBloque 3: Gyoker, Parra Moreno, Romero y P\u00e9rez Pons.<br \/>\nBloque 4: Parra Moreno, Romero, P\u00e9rez Pons y Gioker.<br \/>\nCierre: Romero, P\u00e9rez Pons, Gyoker y Parra Moreno.<br \/>\n28 de agosto: gobernador<br \/>\nEn el debate de candidatos a gobernador del 28 de agosto los atriles ser\u00e1n ocupados en el siguiente orden: 1. Leandro Zdero, 2. Gustavo Mart\u00ednez, 3. Jorge Capitanich.<br \/>\nEl orden de incorporaci\u00f3n al set, presentaci\u00f3n inicial a cargo del moderador y presentaci\u00f3n propia de cada candidato ser\u00e1: Mart\u00ednez, Capitanich, Zdero. Los bloques tem\u00e1ticos ser\u00e1n los mismos que los del d\u00eda previo de candidatas a diputadas y diputados.<br \/>\nEl orden de exposici\u00f3n ser\u00e1:<br \/>\nBloque 1: Capitanich, Zdero y Mart\u00ednez.<br \/>\nBloque 2: Zdero, Mart\u00ednez y Capitanich.<br \/>\nBloque 3: Mart\u00ednez, Capitanich y Zdero.<br \/>\nBloque 4: Capitanich, Zdero y Mart\u00ednez<br \/>\nCierre: Zdero, Mart\u00ednez, Capitanich.<br \/>\n4 de septiembre: diputados<br \/>\nEn el debate de candidatos a diputados provinciales en Resistencia el 4 de septiembre los atriles ser\u00e1n ocupados en el siguiente orden: 1. P\u00e9rez Pons, 2. Gyoker, 3. Romero, 4. Parra Moreno.<br \/>\nEl orden de incorporaci\u00f3n al set, presentaci\u00f3n inicial a cargo del moderador y presentaci\u00f3n propia de cada candidato ser\u00e1: Romero, Gyoker, Parra Moreno y P\u00e9rez Pons.<br \/>\nHabr\u00e1 cuatro bloques tem\u00e1ticos y sus correspondientes r\u00e9plicas:<br \/>\n1. Empleo y promoci\u00f3n social.<br \/>\n2. Educaci\u00f3n y salud.<br \/>\n3. Servicios p\u00fablicos e infraestructura, desarrollo urbano y vivienda.<br \/>\n4. Tem\u00e1tica abierta: tres preguntas de redes, tel\u00e9fonos y otros.<br \/>\nLuego tendr\u00e1n su espacio para el cierre.<br \/>\nEl orden de exposici\u00f3n ser\u00e1:<br \/>\nBloque 1: Gyoker, Romero, Parra Moreno y P\u00e9rez Pons.<br \/>\nBloque 2: Romero, Parra Moreno, P\u00e9rez Pons y Gyoker.<br \/>\nBloque 3: Parra Moreno, P\u00e9rez Pons, Gyoker y Romero.<br \/>\nBloque 4: P\u00e9rez Pons, Gyoker, Romero y Parra Moreno<br \/>\nCierre: Gyoker, Romero, Parra Moreno y P\u00e9rez Pons.<\/p>\n<p>4 de septiembre: diputados<br \/>\nEn el debate de candidatos a diputados provinciales en Resistencia el 4 de septiembre los atriles ser\u00e1n ocupados en el siguiente orden: 1. P\u00e9rez Pons, 2. Gyoker, 3. Romero, 4. Parra Moreno.<br \/>\nEl orden de incorporaci\u00f3n al set, presentaci\u00f3n inicial a cargo del moderador y presentaci\u00f3n propia de cada candidato ser\u00e1: Romero, Gyoker, Parra Moreno y P\u00e9rez Pons.<br \/>\nHabr\u00e1 cuatro bloques tem\u00e1ticos y sus correspondientes r\u00e9plicas:<br \/>\n1. Empleo y promoci\u00f3n social.<br \/>\n2. Educaci\u00f3n y salud.<br \/>\n3. Servicios p\u00fablicos e infraestructura, desarrollo urbano y vivienda.<br \/>\n4. Tem\u00e1tica abierta: tres preguntas de redes, tel\u00e9fonos y otros.<br \/>\nLuego tendr\u00e1n su espacio para el cierre.<br \/>\nEl orden de exposici\u00f3n ser\u00e1:<br \/>\nBloque 1: Gyoker, Romero, Parra Moreno y P\u00e9rez Pons.<br \/>\nBloque 2: Romero, Parra Moreno, P\u00e9rez Pons y Gyoker.<br \/>\nBloque 3: Parra Moreno, P\u00e9rez Pons, Gyoker y Romero.<br \/>\nBloque 4: P\u00e9rez Pons, Gyoker, Romero y Parra Moreno<br \/>\nCierre: Gyoker, Romero, Parra Moreno y P\u00e9rez Pons.<br \/>\n5 de septiembre: gobernador<br \/>\nEn el debate de candidatos a gobernador en Resistencia el 5 de septiembre los atriles ser\u00e1n ocupados en el siguiente orden: 1. Zdero, 2. Mart\u00ednez, 3. Capitanich.<br \/>\nEl orden de incorporaci\u00f3n al set, presentaci\u00f3n inicial a cargo del moderador y presentaci\u00f3n propia de cada candidato ser\u00e1: Capitanich, Mart\u00ednez, Zdero. Los bloques tem\u00e1ticos ser\u00e1n los mismos que los del d\u00eda previo de candidatos a diputados.<br \/>\nEl orden de exposici\u00f3n ser\u00e1:<br \/>\nBloque 1: Capitanich, Mart\u00ednez y Zdero,<br \/>\nBloque 2: Mart\u00ednez, Zdero y Capitanich.<br \/>\nBloque 3: Zdero, Capitanich y Mart\u00ednez.<br \/>\nBloque 4: Capitanich, Mart\u00ednez y Zdero<br \/>\nCierre: Mart\u00ednez, Zdero y Capitanich.<br \/>\n<<a href=\"http:\/\/www.avg.com\/email-signature?utm_medium=email&#038;utm_source=link&#038;utm_campaign=sig-email&#038;utm_content=webmail\">www.avg.com\/email-signature?utm_medium=email&amp;utm_source=link&amp;utm_campaign=sig-email&amp;utm_content=webmail<\/a>> Libre de virus.www.avg.com <<a href=\"http:\/\/www.avg.com\/email-signature?utm_medium=email&#038;utm_source=link&#038;utm_campaign=sig-email&#038;utm_content=webmail\">www.avg.com\/email-signature?utm_medium=email&amp;utm_source=link&amp;utm_campaign=sig-email&amp;utm_content=webmail<\/a>> <#DAB4FAD8-2DD7-40BB-A1B8-4E2AA1F9FDF2><\/div>\n","protected":false},"excerpt":{"rendered":"<p>Los debates preelectorales tendr\u00e1n lugar en el Hotel Platinum de Charata y en el Sal\u00f3n Casablanca Gala de Resistencia, a partir de las 21, con transmisi\u00f3n en vivo a trav\u00e9s de Canal 9 \u2013 TV Resistencia SA. El Tribunal Electoral del Chaco sorte\u00f3 el orden en que se desarrollar\u00e1n las instancias de los debates electorales [&hellip;]<\/p>\n","protected":false},"author":1,"featured_media":25690,"comment_status":"closed","ping_status":"closed","sticky":false,"template":"","format":"standard","meta":{"footnotes":""},"categories":[6],"tags":[],"class_list":{"0":"post-25689","1":"post","2":"type-post","3":"status-publish","4":"format-standard","5":"has-post-thumbnail","7":"category-chaco"},"_links":{"self":[{"href":"https:\/\/chacosintesis.com.ar\/index.php\/wp-json\/wp\/v2\/posts\/25689","targetHints":{"allow":["GET"]}}],"collection":[{"href":"https:\/\/chacosintesis.com.ar\/index.php\/wp-json\/wp\/v2\/posts"}],"about":[{"href":"https:\/\/chacosintesis.com.ar\/index.php\/wp-json\/wp\/v2\/types\/post"}],"author":[{"embeddable":true,"href":"https:\/\/chacosintesis.com.ar\/index.php\/wp-json\/wp\/v2\/users\/1"}],"replies":[{"embeddable":true,"href":"https:\/\/chacosintesis.com.ar\/index.php\/wp-json\/wp\/v2\/comments?post=25689"}],"version-history":[{"count":0,"href":"https:\/\/chacosintesis.com.ar\/index.php\/wp-json\/wp\/v2\/posts\/25689\/revisions"}],"wp:featuredmedia":[{"embeddable":true,"href":"https:\/\/chacosintesis.com.ar\/index.php\/wp-json\/wp\/v2\/media\/25690"}],"wp:attachment":[{"href":"https:\/\/chacosintesis.com.ar\/index.php\/wp-json\/wp\/v2\/media?parent=25689"}],"wp:term":[{"taxonomy":"category","embeddable":true,"href":"https:\/\/chacosintesis.com.ar\/index.php\/wp-json\/wp\/v2\/categories?post=25689"},{"taxonomy":"post_tag","embeddable":true,"href":"https:\/\/chacosintesis.com.ar\/index.php\/wp-json\/wp\/v2\/tags?post=25689"}],"curies":[{"name":"wp","href":"https:\/\/api.w.org\/{rel}","templated":true}]}}