{"id":25679,"date":"2023-08-24T17:56:07","date_gmt":"2023-08-24T20:56:07","guid":{"rendered":"https:\/\/chacosintesis.com.ar\/?p=25679"},"modified":"2023-08-24T18:07:09","modified_gmt":"2023-08-24T21:07:09","slug":"el-1-de-septiembre-comienzan-las-inscripciones-a-interinatos-y-suplencias-para-docentes-del-nivel-inicial","status":"publish","type":"post","link":"https:\/\/chacosintesis.com.ar\/index.php\/el-1-de-septiembre-comienzan-las-inscripciones-a-interinatos-y-suplencias-para-docentes-del-nivel-inicial\/","title":{"rendered":"El 1 de septiembre comienzan las inscripciones a interinatos y suplencias para docentes del Nivel Inicial"},"content":{"rendered":"<div class=\"postie-post\">Del 1 de septiembre al 15 de octubre de 2023 a trav\u00e9s de Tu Gobierno Digital; por Correo Postal Certificado o en la Junta de Clasificaci\u00f3n (Gobernador Bosch 99, Nave 1), en Resistencia.<br \/>\nEl Ministerio de Educaci\u00f3n, a trav\u00e9s de la Junta de Clasificaci\u00f3n de Nivel Inicial, comunica a los y las docentes de Nivel Inicial de toda la provincia que la inscripci\u00f3n para Interinatos y Suplencias del Per\u00edodo Ordinario A 2023\/2024 se llevar\u00e1 a cabo del 1 de septiembre al 15 de octubre de 2023, seg\u00fan se establece en el Cap. Vl, Art. 74 y Art. 94 Ley 647-E-. Se podr\u00e1n inscribir a trav\u00e9s de la Aplicaci\u00f3n SIE &#8211; Tu Gobierno Digital; por Correo Postal Certificado o en la Junta de Clasificaci\u00f3n (personalmente o por terceros autorizados) de 8 a 15.30 en Gobernador Bosch 99, Nave 1, en Resistencia. Para m\u00e1s informaci\u00f3n, comunicarse por tel\u00e9fono al 3624-453033 o al correo electr\u00f3nico <a href=\"mailto:meccyt.jcninicial@chaco.gov.ar\" >meccyt.jcninicial@chaco.gov.ar<\/a><\/p>\n<p>Documentaci\u00f3n para inscribirse por primera vez:<\/p>\n<p>Presencial \/ correo postal certificado<br \/>\nToda documentaci\u00f3n a presentar de manera Presencial estar\u00e1 acompa\u00f1ada de original y si es enviada por Correo Postal, deber\u00e1 estar autenticada por autoridad competente.<br \/>\na) Fotocopia autenticada de DNI.<br \/>\nb) Fotocopia autenticada de Partida de Nacimiento.<br \/>\nc) T\u00edtulo Docente, con Registro de la Direcci\u00f3n de T\u00edtulos y Equivalencias o Constancia del mismo con menci\u00f3n del promedio general y fecha de egreso (inc. V de la Reglamentaci\u00f3n del Art. 17-Ley 647-E- Estatuto del Docente.<br \/>\nd) Constancia de Servicios Docentes prestados en el Nivel extendido por el Superior Jer\u00e1rquico inmediato (si los tuviera).<br \/>\ne) Otros t\u00edtulos (con registro provincial) certificados y antecedentes valorables.<br \/>\nf) En caso de ser presencial o por correo, con carpeta manila.<br \/>\ng) En caso de ser a trav\u00e9s de Aplicaci\u00f3n SIE, Tu Gobierno Digital: Al ser consideradas las Solicitudes con car\u00e1cter de Declaraci\u00f3n Jurada, se aplica autom\u00e1ticamente el R\u00e9gimen de incompatibilidad establecido en la Ley 647-E-Estatuto Docente.<br \/>\nh) Los y las aspirantes extranjeros y extranjeras, deben cumplir con las condiciones exigidas en el Art.17-lnciso a- de la Ley 647-E-Estatuto Docente.<br \/>\ni) El no cumplimiento de los requisitos precedentes, producir\u00e1 el rechazo de la solicitud.<br \/>\n<<a href=\"http:\/\/www.avg.com\/email-signature?utm_medium=email&#038;utm_source=link&#038;utm_campaign=sig-email&#038;utm_content=webmail\">www.avg.com\/email-signature?utm_medium=email&amp;utm_source=link&amp;utm_campaign=sig-email&amp;utm_content=webmail<\/a>> Libre de virus.www.avg.com <<a href=\"http:\/\/www.avg.com\/email-signature?utm_medium=email&#038;utm_source=link&#038;utm_campaign=sig-email&#038;utm_content=webmail\">www.avg.com\/email-signature?utm_medium=email&amp;utm_source=link&amp;utm_campaign=sig-email&amp;utm_content=webmail<\/a>> <#DAB4FAD8-2DD7-40BB-A1B8-4E2AA1F9FDF2><\/div>\n","protected":false},"excerpt":{"rendered":"<p>Del 1 de septiembre al 15 de octubre de 2023 a trav\u00e9s de Tu Gobierno Digital; por Correo Postal Certificado o en la Junta de Clasificaci\u00f3n (Gobernador Bosch 99, Nave 1), en Resistencia. El Ministerio de Educaci\u00f3n, a trav\u00e9s de la Junta de Clasificaci\u00f3n de Nivel Inicial, comunica a los y las docentes de Nivel [&hellip;]<\/p>\n","protected":false},"author":1,"featured_media":25680,"comment_status":"closed","ping_status":"closed","sticky":false,"template":"","format":"standard","meta":{"footnotes":""},"categories":[6],"tags":[],"class_list":{"0":"post-25679","1":"post","2":"type-post","3":"status-publish","4":"format-standard","5":"has-post-thumbnail","7":"category-chaco"},"_links":{"self":[{"href":"https:\/\/chacosintesis.com.ar\/index.php\/wp-json\/wp\/v2\/posts\/25679","targetHints":{"allow":["GET"]}}],"collection":[{"href":"https:\/\/chacosintesis.com.ar\/index.php\/wp-json\/wp\/v2\/posts"}],"about":[{"href":"https:\/\/chacosintesis.com.ar\/index.php\/wp-json\/wp\/v2\/types\/post"}],"author":[{"embeddable":true,"href":"https:\/\/chacosintesis.com.ar\/index.php\/wp-json\/wp\/v2\/users\/1"}],"replies":[{"embeddable":true,"href":"https:\/\/chacosintesis.com.ar\/index.php\/wp-json\/wp\/v2\/comments?post=25679"}],"version-history":[{"count":0,"href":"https:\/\/chacosintesis.com.ar\/index.php\/wp-json\/wp\/v2\/posts\/25679\/revisions"}],"wp:featuredmedia":[{"embeddable":true,"href":"https:\/\/chacosintesis.com.ar\/index.php\/wp-json\/wp\/v2\/media\/25680"}],"wp:attachment":[{"href":"https:\/\/chacosintesis.com.ar\/index.php\/wp-json\/wp\/v2\/media?parent=25679"}],"wp:term":[{"taxonomy":"category","embeddable":true,"href":"https:\/\/chacosintesis.com.ar\/index.php\/wp-json\/wp\/v2\/categories?post=25679"},{"taxonomy":"post_tag","embeddable":true,"href":"https:\/\/chacosintesis.com.ar\/index.php\/wp-json\/wp\/v2\/tags?post=25679"}],"curies":[{"name":"wp","href":"https:\/\/api.w.org\/{rel}","templated":true}]}}