{"id":25677,"date":"2023-08-24T17:54:33","date_gmt":"2023-08-24T20:54:33","guid":{"rendered":"https:\/\/chacosintesis.com.ar\/?p=25677"},"modified":"2023-08-24T18:07:05","modified_gmt":"2023-08-24T21:07:05","slug":"realizaran-una-consulta-publica-para-obras-en-fontana","status":"publish","type":"post","link":"https:\/\/chacosintesis.com.ar\/index.php\/realizaran-una-consulta-publica-para-obras-en-fontana\/","title":{"rendered":"Realizar\u00e1n una consulta p\u00fablica para obras en Fontana"},"content":{"rendered":"<div class=\"postie-post\">El encuentro consiste en la exposici\u00f3n de una obra de pavimentaci\u00f3n que comprende un tramo de avenida 25 de mayo y las calles Misiones y Brasil. Adem\u00e1s, se prev\u00e9 pavimentaci\u00f3n, desag\u00fces, iluminaci\u00f3n y parquizado.<br \/>\nEl ingeniero Hugo Varela, administrador general de Vialidad Provincial, dialog\u00f3 con Chaco TV sobre la consulta p\u00fablica que se realizar\u00e1 el viernes 1 de septiembre a las 18:30 en el Play\u00f3n Deportivo de Fontana, ubicado en calle Misiones y Santiago del Estero. Se trata de la exposici\u00f3n a la comunidad de dicha localidad de una obra de pavimentaci\u00f3n que comprende un tramo de la avenida 25 de mayo y las calles Misiones y Brasil.<br \/>\nEn ese sentido, Varela explic\u00f3 que se trata de una obra que se va a financiar con un cr\u00e9dito CAF (Corporaci\u00f3n Andina de Fomento). \u201cLa obra consiste en la pavimentaci\u00f3n de 15 cuadras de la avenida 25 de mayo hacia el R\u00edo Negro, el empalme de 5 cuadras de la calle Misiones de Santiago del Estero hasta 25 de mayo, y 10 cuadras por calle Brasil desde 25 de mayo hacia avenida Alvear\u201d, detall\u00f3.<br \/>\nSobre la obra, manifest\u00f3: \u201cEste cierre de tramo se suma a toda la cantidad de cuadras que hemos hecho desde Vialidad Provincial y el Gobierno provincial en la ciudad de Fontana que han implicado en pocos a\u00f1os una transformaci\u00f3n fenomenal en si infraestructura vial\u201d.<br \/>\nAsimismo, coment\u00f3 que la consulta p\u00fablica consiste en \u201cexponer a los vecinos la obra que se va ejecutar\u201d. \u201cEsta obra contempla toda la ingenier\u00eda de pavimentaci\u00f3n, iluminaci\u00f3n y desag\u00fces pluviales, y tambi\u00e9n espacios verdes\u201d, se\u00f1al\u00f3. En ese sentido, sobre los espacios verdes, explic\u00f3 que ser\u00e1 \u201cun lugar de encuentro para todos los vecinos, un lugar en donde los chicos del barrio y las familias puedan ir a disfrutar\u201d.<br \/>\nLas personas interesadas en participar de esta consulta p\u00fablica pueden inscribirse a trav\u00e9s de link que se encuentra en las redes sociales de Vialidad Provincial, o bien asistir el 1 de septiembre al lugar del encuentro y anotarse. \u201cEl objetivo es exponer ante la sociedad la obra cosa de que cualquier sugerencia que tengan o que crean conveniente sumar al proyecto, todav\u00eda se est\u00e1 a tiempo, como tambi\u00e9n evacuar cualquier tipo de duda\u201d, concluy\u00f3.<br \/>\n<<a href=\"http:\/\/www.avg.com\/email-signature?utm_medium=email&#038;utm_source=link&#038;utm_campaign=sig-email&#038;utm_content=webmail\">www.avg.com\/email-signature?utm_medium=email&amp;utm_source=link&amp;utm_campaign=sig-email&amp;utm_content=webmail<\/a>> Libre de virus.www.avg.com <<a href=\"http:\/\/www.avg.com\/email-signature?utm_medium=email&#038;utm_source=link&#038;utm_campaign=sig-email&#038;utm_content=webmail\">www.avg.com\/email-signature?utm_medium=email&amp;utm_source=link&amp;utm_campaign=sig-email&amp;utm_content=webmail<\/a>> <#DAB4FAD8-2DD7-40BB-A1B8-4E2AA1F9FDF2><\/div>\n","protected":false},"excerpt":{"rendered":"<p>El encuentro consiste en la exposici\u00f3n de una obra de pavimentaci\u00f3n que comprende un tramo de avenida 25 de mayo y las calles Misiones y Brasil. Adem\u00e1s, se prev\u00e9 pavimentaci\u00f3n, desag\u00fces, iluminaci\u00f3n y parquizado. El ingeniero Hugo Varela, administrador general de Vialidad Provincial, dialog\u00f3 con Chaco TV sobre la consulta p\u00fablica que se realizar\u00e1 el [&hellip;]<\/p>\n","protected":false},"author":1,"featured_media":25678,"comment_status":"closed","ping_status":"closed","sticky":false,"template":"","format":"standard","meta":{"footnotes":""},"categories":[6],"tags":[],"class_list":{"0":"post-25677","1":"post","2":"type-post","3":"status-publish","4":"format-standard","5":"has-post-thumbnail","7":"category-chaco"},"_links":{"self":[{"href":"https:\/\/chacosintesis.com.ar\/index.php\/wp-json\/wp\/v2\/posts\/25677","targetHints":{"allow":["GET"]}}],"collection":[{"href":"https:\/\/chacosintesis.com.ar\/index.php\/wp-json\/wp\/v2\/posts"}],"about":[{"href":"https:\/\/chacosintesis.com.ar\/index.php\/wp-json\/wp\/v2\/types\/post"}],"author":[{"embeddable":true,"href":"https:\/\/chacosintesis.com.ar\/index.php\/wp-json\/wp\/v2\/users\/1"}],"replies":[{"embeddable":true,"href":"https:\/\/chacosintesis.com.ar\/index.php\/wp-json\/wp\/v2\/comments?post=25677"}],"version-history":[{"count":0,"href":"https:\/\/chacosintesis.com.ar\/index.php\/wp-json\/wp\/v2\/posts\/25677\/revisions"}],"wp:featuredmedia":[{"embeddable":true,"href":"https:\/\/chacosintesis.com.ar\/index.php\/wp-json\/wp\/v2\/media\/25678"}],"wp:attachment":[{"href":"https:\/\/chacosintesis.com.ar\/index.php\/wp-json\/wp\/v2\/media?parent=25677"}],"wp:term":[{"taxonomy":"category","embeddable":true,"href":"https:\/\/chacosintesis.com.ar\/index.php\/wp-json\/wp\/v2\/categories?post=25677"},{"taxonomy":"post_tag","embeddable":true,"href":"https:\/\/chacosintesis.com.ar\/index.php\/wp-json\/wp\/v2\/tags?post=25677"}],"curies":[{"name":"wp","href":"https:\/\/api.w.org\/{rel}","templated":true}]}}