{"id":25675,"date":"2023-08-24T17:51:12","date_gmt":"2023-08-24T20:51:12","guid":{"rendered":"https:\/\/chacosintesis.com.ar\/?p=25675"},"modified":"2023-08-24T18:07:00","modified_gmt":"2023-08-24T21:07:00","slug":"rea-el-segundo-puente-cambiara-la-vida-de-las-personas","status":"publish","type":"post","link":"https:\/\/chacosintesis.com.ar\/index.php\/rea-el-segundo-puente-cambiara-la-vida-de-las-personas\/","title":{"rendered":"Rea: \u201cEl segundo puente cambiar\u00e1 la vida de las personas\u201d"},"content":{"rendered":"<div class=\"postie-post\">El intendente de Puerto Vilelas habl\u00f3 tras el acuerdo que anunci\u00f3 el ministro de Econom\u00eda, Sergio Massa, y analiz\u00f3 el impacto que puede generar en la localidad. Se estima un gran crecimiento de la ciudad.<br \/>\nEl ministro de Econom\u00eda, Sergio Massa, anunci\u00f3 ayer que se firmaron contratos con el Banco Interamericano de Desarrollo (BID) para el financiamiento del segundo puente que une a las provincias de Corrientes y Chaco. V\u00edctor Rea, intendente de Puerto Vilelas, dialog\u00f3 con Chaco TV sobre este acuerdo y analiz\u00f3 el impacto que puede generar en la localidad en materia de obras y conexi\u00f3n.<br \/>\n\u201cNos encontramos con esta muy buena noticia, no solo para Vilelas sino para Chaco tambi\u00e9n\u201d, inici\u00f3 el di\u00e1logo el intendente. Rea se mostr\u00f3 \u201cmuy contento\u201d con el anuncio realizado por Sergio Massa y destac\u00f3 que \u201ces de vital importancia para los productores, comerciantes y vecinos\u201d.<br \/>\nSobre las expectativas que puede generar un anuncio de esta magnitud, el intendente se mostr\u00f3 cauteloso y expres\u00f3: \u201cComo todos los vecinos, tenemos los sue\u00f1os intactos, pero hasta que no vemos materializadas las obras por ah\u00ed no lo queremos creer\u201d. A esto agreg\u00f3 que hace \u201cm\u00e1s de 30 a\u00f1os que no se construye un puente en Argentina\u201d. No obstante, dijo que se encuentran \u201cesperando que las obras puedan comenzar lo antes posible\u201d.<br \/>\nSobre el impacto que puede generar en la localidad, Rea manifest\u00f3 que no solo va a beneficiar a Puerto Vilelas, sino que ser\u00e1 para toda el \u00c1rea Metropolitana. \u201cCreemos que las inversiones van a ser muy importantes y que van a cambiar la vida de esa zona. El segundo puente cambiar\u00e1 la vida de las personas\u201d, expres\u00f3, y concluy\u00f3: \u201cHay que seguir so\u00f1ando y creer que un gobierno como el Jorge Milton Capitanich sigue cumpliendo sue\u00f1os a todos los chaque\u00f1os. Estamos ante un hecho hist\u00f3rico\u201d.<br \/>\n<<a href=\"http:\/\/www.avg.com\/email-signature?utm_medium=email&#038;utm_source=link&#038;utm_campaign=sig-email&#038;utm_content=webmail\">www.avg.com\/email-signature?utm_medium=email&amp;utm_source=link&amp;utm_campaign=sig-email&amp;utm_content=webmail<\/a>> Libre de virus.www.avg.com <<a href=\"http:\/\/www.avg.com\/email-signature?utm_medium=email&#038;utm_source=link&#038;utm_campaign=sig-email&#038;utm_content=webmail\">www.avg.com\/email-signature?utm_medium=email&amp;utm_source=link&amp;utm_campaign=sig-email&amp;utm_content=webmail<\/a>> <#DAB4FAD8-2DD7-40BB-A1B8-4E2AA1F9FDF2><\/div>\n","protected":false},"excerpt":{"rendered":"<p>El intendente de Puerto Vilelas habl\u00f3 tras el acuerdo que anunci\u00f3 el ministro de Econom\u00eda, Sergio Massa, y analiz\u00f3 el impacto que puede generar en la localidad. Se estima un gran crecimiento de la ciudad. El ministro de Econom\u00eda, Sergio Massa, anunci\u00f3 ayer que se firmaron contratos con el Banco Interamericano de Desarrollo (BID) para [&hellip;]<\/p>\n","protected":false},"author":1,"featured_media":25676,"comment_status":"closed","ping_status":"closed","sticky":false,"template":"","format":"standard","meta":{"footnotes":""},"categories":[6],"tags":[],"class_list":{"0":"post-25675","1":"post","2":"type-post","3":"status-publish","4":"format-standard","5":"has-post-thumbnail","7":"category-chaco"},"_links":{"self":[{"href":"https:\/\/chacosintesis.com.ar\/index.php\/wp-json\/wp\/v2\/posts\/25675","targetHints":{"allow":["GET"]}}],"collection":[{"href":"https:\/\/chacosintesis.com.ar\/index.php\/wp-json\/wp\/v2\/posts"}],"about":[{"href":"https:\/\/chacosintesis.com.ar\/index.php\/wp-json\/wp\/v2\/types\/post"}],"author":[{"embeddable":true,"href":"https:\/\/chacosintesis.com.ar\/index.php\/wp-json\/wp\/v2\/users\/1"}],"replies":[{"embeddable":true,"href":"https:\/\/chacosintesis.com.ar\/index.php\/wp-json\/wp\/v2\/comments?post=25675"}],"version-history":[{"count":0,"href":"https:\/\/chacosintesis.com.ar\/index.php\/wp-json\/wp\/v2\/posts\/25675\/revisions"}],"wp:featuredmedia":[{"embeddable":true,"href":"https:\/\/chacosintesis.com.ar\/index.php\/wp-json\/wp\/v2\/media\/25676"}],"wp:attachment":[{"href":"https:\/\/chacosintesis.com.ar\/index.php\/wp-json\/wp\/v2\/media?parent=25675"}],"wp:term":[{"taxonomy":"category","embeddable":true,"href":"https:\/\/chacosintesis.com.ar\/index.php\/wp-json\/wp\/v2\/categories?post=25675"},{"taxonomy":"post_tag","embeddable":true,"href":"https:\/\/chacosintesis.com.ar\/index.php\/wp-json\/wp\/v2\/tags?post=25675"}],"curies":[{"name":"wp","href":"https:\/\/api.w.org\/{rel}","templated":true}]}}