{"id":25673,"date":"2023-08-24T17:50:03","date_gmt":"2023-08-24T20:50:03","guid":{"rendered":"https:\/\/chacosintesis.com.ar\/?p=25673"},"modified":"2023-08-24T18:06:55","modified_gmt":"2023-08-24T21:06:55","slug":"entregan-el-titulo-de-propiedad-a-la-cooperativa-de-trabajo-y-consumo-unidos","status":"publish","type":"post","link":"https:\/\/chacosintesis.com.ar\/index.php\/entregan-el-titulo-de-propiedad-a-la-cooperativa-de-trabajo-y-consumo-unidos\/","title":{"rendered":"Entregan el t\u00edtulo de propiedad a la Cooperativa de Trabajo y Consumo \u201cUnidos\u201d"},"content":{"rendered":"<div class=\"postie-post\">La Cooperativa \u201cUnidos\u201d genera alrededor de 100 puestos de trabajo. \u201cHoy estamos cumpliendo con un compromiso asumido, promoviendo el desarrollo productivo y potenciando nuestras cadenas de valor\u201d, dijo el gobernador Jorge Capitanich.<br \/>\nEl gobernador Jorge Capitanich concret\u00f3 este jueves la entrega del t\u00edtulo de propiedad a la Cooperativa de Trabajo y Consumo \u201cUnidos\u201d. Esta empresa chaque\u00f1a recuperada,  actualmente sigue creciendo de la mano de sus trabajadores.<br \/>\nLa Cooperativa \u201cUnidos\u201d genera alrededor de 100 puestos de trabajo en permanente crecimiento. \u201cEra un compromiso que asumimos, poder acelerar los procesos para que accedieran al t\u00edtulo de propiedad. Hoy lo estamos cumpliendo\u201d, dijo el gobernador.<br \/>\nA trav\u00e9s de sus redes sociales, Capitanich  dijo que esta iniciativa \u201csignifica seguir promoviendo el desarrollo productivo, potenciar nuestras cadenas de valor a lo largo de toda la provincia del Chaco. Adem\u00e1s de respaldar a los trabajadores y a sus familias a trav\u00e9s del sistema cooperativo y generar m\u00e1s oportunidades para todas y todos\u201d.<\/p>\n<p><<a href=\"http:\/\/www.avg.com\/email-signature?utm_medium=email&#038;utm_source=link&#038;utm_campaign=sig-email&#038;utm_content=webmail\">www.avg.com\/email-signature?utm_medium=email&amp;utm_source=link&amp;utm_campaign=sig-email&amp;utm_content=webmail<\/a>> Libre de virus.www.avg.com <<a href=\"http:\/\/www.avg.com\/email-signature?utm_medium=email&#038;utm_source=link&#038;utm_campaign=sig-email&#038;utm_content=webmail\">www.avg.com\/email-signature?utm_medium=email&amp;utm_source=link&amp;utm_campaign=sig-email&amp;utm_content=webmail<\/a>> <#DAB4FAD8-2DD7-40BB-A1B8-4E2AA1F9FDF2><\/div>\n","protected":false},"excerpt":{"rendered":"<p>La Cooperativa \u201cUnidos\u201d genera alrededor de 100 puestos de trabajo. \u201cHoy estamos cumpliendo con un compromiso asumido, promoviendo el desarrollo productivo y potenciando nuestras cadenas de valor\u201d, dijo el gobernador Jorge Capitanich. El gobernador Jorge Capitanich concret\u00f3 este jueves la entrega del t\u00edtulo de propiedad a la Cooperativa de Trabajo y Consumo \u201cUnidos\u201d. Esta empresa [&hellip;]<\/p>\n","protected":false},"author":1,"featured_media":25674,"comment_status":"closed","ping_status":"closed","sticky":false,"template":"","format":"standard","meta":{"footnotes":""},"categories":[6],"tags":[],"class_list":{"0":"post-25673","1":"post","2":"type-post","3":"status-publish","4":"format-standard","5":"has-post-thumbnail","7":"category-chaco"},"_links":{"self":[{"href":"https:\/\/chacosintesis.com.ar\/index.php\/wp-json\/wp\/v2\/posts\/25673","targetHints":{"allow":["GET"]}}],"collection":[{"href":"https:\/\/chacosintesis.com.ar\/index.php\/wp-json\/wp\/v2\/posts"}],"about":[{"href":"https:\/\/chacosintesis.com.ar\/index.php\/wp-json\/wp\/v2\/types\/post"}],"author":[{"embeddable":true,"href":"https:\/\/chacosintesis.com.ar\/index.php\/wp-json\/wp\/v2\/users\/1"}],"replies":[{"embeddable":true,"href":"https:\/\/chacosintesis.com.ar\/index.php\/wp-json\/wp\/v2\/comments?post=25673"}],"version-history":[{"count":0,"href":"https:\/\/chacosintesis.com.ar\/index.php\/wp-json\/wp\/v2\/posts\/25673\/revisions"}],"wp:featuredmedia":[{"embeddable":true,"href":"https:\/\/chacosintesis.com.ar\/index.php\/wp-json\/wp\/v2\/media\/25674"}],"wp:attachment":[{"href":"https:\/\/chacosintesis.com.ar\/index.php\/wp-json\/wp\/v2\/media?parent=25673"}],"wp:term":[{"taxonomy":"category","embeddable":true,"href":"https:\/\/chacosintesis.com.ar\/index.php\/wp-json\/wp\/v2\/categories?post=25673"},{"taxonomy":"post_tag","embeddable":true,"href":"https:\/\/chacosintesis.com.ar\/index.php\/wp-json\/wp\/v2\/tags?post=25673"}],"curies":[{"name":"wp","href":"https:\/\/api.w.org\/{rel}","templated":true}]}}