{"id":25671,"date":"2023-08-24T17:48:47","date_gmt":"2023-08-24T20:48:47","guid":{"rendered":"https:\/\/chacosintesis.com.ar\/?p=25671"},"modified":"2023-08-24T18:06:50","modified_gmt":"2023-08-24T21:06:50","slug":"este-viernes-comienzan-las-xliii-jornadas-agronomicas-del-chaco-mirando-al-futuro","status":"publish","type":"post","link":"https:\/\/chacosintesis.com.ar\/index.php\/este-viernes-comienzan-las-xliii-jornadas-agronomicas-del-chaco-mirando-al-futuro\/","title":{"rendered":"Este viernes comienzan las XLIII Jornadas Agron\u00f3micas del Chaco \u201cMirando al Futuro\u201d"},"content":{"rendered":"<div class=\"postie-post\">Se trata de una propuesta del Consejo Profesional de Ingenieros Agr\u00f3nomos del Chaco. Este viernes 25 de agosto comienzan las XLIII Jornadas Agron\u00f3micas del Chaco \u201cMirando al Futuro\u201d. Una iniciativa del Consejo Profesional de Ingenieros Agr\u00f3nomos del Chaco que se llevar\u00e1 a cabo en la Universidad del Chaco Austral, en S\u00e1enz Pe\u00f1a. La primera jornada comenzar\u00e1 con la apertura de autoridades a las 9 de la ma\u00f1ana y continuar\u00e1 con diversos paneles t\u00e9cnicos. Por la tarde habr\u00e1 un &#8220;bloque pol\u00edtico&#8221;, con exposisciones vinculadas a debates sobre la profesi\u00f3n. A las 17 ser\u00e1 el cierre con un luchn y sorteos para las personas participantes.<br \/>\n<<a href=\"http:\/\/www.avg.com\/email-signature?utm_medium=email&#038;utm_source=link&#038;utm_campaign=sig-email&#038;utm_content=webmail\">www.avg.com\/email-signature?utm_medium=email&amp;utm_source=link&amp;utm_campaign=sig-email&amp;utm_content=webmail<\/a>> Libre de virus.www.avg.com <<a href=\"http:\/\/www.avg.com\/email-signature?utm_medium=email&#038;utm_source=link&#038;utm_campaign=sig-email&#038;utm_content=webmail\">www.avg.com\/email-signature?utm_medium=email&amp;utm_source=link&amp;utm_campaign=sig-email&amp;utm_content=webmail<\/a>> <#DAB4FAD8-2DD7-40BB-A1B8-4E2AA1F9FDF2><\/div>\n","protected":false},"excerpt":{"rendered":"<p>Se trata de una propuesta del Consejo Profesional de Ingenieros Agr\u00f3nomos del Chaco. Este viernes 25 de agosto comienzan las XLIII Jornadas Agron\u00f3micas del Chaco \u201cMirando al Futuro\u201d. Una iniciativa del Consejo Profesional de Ingenieros Agr\u00f3nomos del Chaco que se llevar\u00e1 a cabo en la Universidad del Chaco Austral, en S\u00e1enz Pe\u00f1a. La primera jornada [&hellip;]<\/p>\n","protected":false},"author":1,"featured_media":25672,"comment_status":"closed","ping_status":"closed","sticky":false,"template":"","format":"standard","meta":{"footnotes":""},"categories":[6],"tags":[],"class_list":{"0":"post-25671","1":"post","2":"type-post","3":"status-publish","4":"format-standard","5":"has-post-thumbnail","7":"category-chaco"},"_links":{"self":[{"href":"https:\/\/chacosintesis.com.ar\/index.php\/wp-json\/wp\/v2\/posts\/25671","targetHints":{"allow":["GET"]}}],"collection":[{"href":"https:\/\/chacosintesis.com.ar\/index.php\/wp-json\/wp\/v2\/posts"}],"about":[{"href":"https:\/\/chacosintesis.com.ar\/index.php\/wp-json\/wp\/v2\/types\/post"}],"author":[{"embeddable":true,"href":"https:\/\/chacosintesis.com.ar\/index.php\/wp-json\/wp\/v2\/users\/1"}],"replies":[{"embeddable":true,"href":"https:\/\/chacosintesis.com.ar\/index.php\/wp-json\/wp\/v2\/comments?post=25671"}],"version-history":[{"count":0,"href":"https:\/\/chacosintesis.com.ar\/index.php\/wp-json\/wp\/v2\/posts\/25671\/revisions"}],"wp:featuredmedia":[{"embeddable":true,"href":"https:\/\/chacosintesis.com.ar\/index.php\/wp-json\/wp\/v2\/media\/25672"}],"wp:attachment":[{"href":"https:\/\/chacosintesis.com.ar\/index.php\/wp-json\/wp\/v2\/media?parent=25671"}],"wp:term":[{"taxonomy":"category","embeddable":true,"href":"https:\/\/chacosintesis.com.ar\/index.php\/wp-json\/wp\/v2\/categories?post=25671"},{"taxonomy":"post_tag","embeddable":true,"href":"https:\/\/chacosintesis.com.ar\/index.php\/wp-json\/wp\/v2\/tags?post=25671"}],"curies":[{"name":"wp","href":"https:\/\/api.w.org\/{rel}","templated":true}]}}