{"id":25669,"date":"2023-08-24T17:46:30","date_gmt":"2023-08-24T20:46:30","guid":{"rendered":"https:\/\/chacosintesis.com.ar\/?p=25669"},"modified":"2023-08-24T18:06:46","modified_gmt":"2023-08-24T21:06:46","slug":"anunciaron-las-fechas-de-inscripcion-para-interinatos-y-suplencias-para-docentes-bibliotecarios","status":"publish","type":"post","link":"https:\/\/chacosintesis.com.ar\/index.php\/anunciaron-las-fechas-de-inscripcion-para-interinatos-y-suplencias-para-docentes-bibliotecarios\/","title":{"rendered":"Anunciaron las fechas de inscripci\u00f3n para interinatos y suplencias para docentes bibliotecarios"},"content":{"rendered":"<div class=\"postie-post\">El per\u00edodo ser\u00e1 del 1 de septiembre hasta el 15 de octubre a trav\u00e9s de Tu Gobierno Digital, por correo postal y de manera presencial.<br \/>\nEl Ministerio de Educaci\u00f3n del Chaco, a trav\u00e9s de la Junta de Clasificaci\u00f3n de Bibliotecas, comunica a las y los docentes bibliotecarios de toda la provincia, que la Inscripci\u00f3n de Bibliotecarios Aspirantes a Interinatos y Suplencias Periodo Ordinario 23\/24, ser\u00e1 desde el 1 de septiembre hasta el 15 de octubre de 2023. Las modalidades de inscripci\u00f3n son a trav\u00e9s de Tu Gobierno Digital, por correo postal y de manera presencial.<br \/>\nDe manera online: Por primera vez: crear cuenta en Tu Gobierno Digital. Si ya est\u00e1s registrado: Ingresar a Tu Gobierno Digital \u2013 Aplicaci\u00f3n Sie \u2013 Junta De Biblioteca \u2013 Interinatos Y Suplencias \u2013 Nueva Inscripci\u00f3n, completar la Inscripci\u00f3n electr\u00f3nica y subir la documentaci\u00f3n en formato PDF y en las solapas correspondientes.<br \/>\nPor Correo Postal: enviar por cualquier medio de correo postal el Formulario de Inscripci\u00f3n y la documentaci\u00f3n a presentar al: Ministerio De Educaci\u00f3n, Cultura, Ciencia Y Tecnolog\u00eda. Junta De Clasificaci\u00f3n De Biblioteca. Gobernador Bosch 99 &#8211; Nave 3. Resistencia 3500 \u2013 Chaco.<br \/>\nDe manera presencial, dirigirse personalmente o por terceros autorizados en el horario de 8 a 15 en Junta De Clasificaci\u00f3n De Biblioteca. Gobernador Bosch 99 &#8211; Nave 3. Los Certificados de Capacitaci\u00f3n 2022 podr\u00e1n ser descargados desde \u201cCertificados SIE\u201d. Para consultas mail: <a href=\"mailto:meccyt.jcbibliotecas@chaco.gov.ar\" >meccyt.jcbibliotecas@chaco.gov.ar<\/a> o <a href=\"mailto:juntacbcas@gmail.com\" >juntacbcas@gmail.com<\/a>.<br \/>\n<<a href=\"http:\/\/www.avg.com\/email-signature?utm_medium=email&#038;utm_source=link&#038;utm_campaign=sig-email&#038;utm_content=webmail\">www.avg.com\/email-signature?utm_medium=email&amp;utm_source=link&amp;utm_campaign=sig-email&amp;utm_content=webmail<\/a>> Libre de virus.www.avg.com <<a href=\"http:\/\/www.avg.com\/email-signature?utm_medium=email&#038;utm_source=link&#038;utm_campaign=sig-email&#038;utm_content=webmail\">www.avg.com\/email-signature?utm_medium=email&amp;utm_source=link&amp;utm_campaign=sig-email&amp;utm_content=webmail<\/a>> <#DAB4FAD8-2DD7-40BB-A1B8-4E2AA1F9FDF2><\/div>\n","protected":false},"excerpt":{"rendered":"<p>El per\u00edodo ser\u00e1 del 1 de septiembre hasta el 15 de octubre a trav\u00e9s de Tu Gobierno Digital, por correo postal y de manera presencial. El Ministerio de Educaci\u00f3n del Chaco, a trav\u00e9s de la Junta de Clasificaci\u00f3n de Bibliotecas, comunica a las y los docentes bibliotecarios de toda la provincia, que la Inscripci\u00f3n de [&hellip;]<\/p>\n","protected":false},"author":1,"featured_media":25670,"comment_status":"closed","ping_status":"closed","sticky":false,"template":"","format":"standard","meta":{"footnotes":""},"categories":[6],"tags":[],"class_list":{"0":"post-25669","1":"post","2":"type-post","3":"status-publish","4":"format-standard","5":"has-post-thumbnail","7":"category-chaco"},"_links":{"self":[{"href":"https:\/\/chacosintesis.com.ar\/index.php\/wp-json\/wp\/v2\/posts\/25669","targetHints":{"allow":["GET"]}}],"collection":[{"href":"https:\/\/chacosintesis.com.ar\/index.php\/wp-json\/wp\/v2\/posts"}],"about":[{"href":"https:\/\/chacosintesis.com.ar\/index.php\/wp-json\/wp\/v2\/types\/post"}],"author":[{"embeddable":true,"href":"https:\/\/chacosintesis.com.ar\/index.php\/wp-json\/wp\/v2\/users\/1"}],"replies":[{"embeddable":true,"href":"https:\/\/chacosintesis.com.ar\/index.php\/wp-json\/wp\/v2\/comments?post=25669"}],"version-history":[{"count":0,"href":"https:\/\/chacosintesis.com.ar\/index.php\/wp-json\/wp\/v2\/posts\/25669\/revisions"}],"wp:featuredmedia":[{"embeddable":true,"href":"https:\/\/chacosintesis.com.ar\/index.php\/wp-json\/wp\/v2\/media\/25670"}],"wp:attachment":[{"href":"https:\/\/chacosintesis.com.ar\/index.php\/wp-json\/wp\/v2\/media?parent=25669"}],"wp:term":[{"taxonomy":"category","embeddable":true,"href":"https:\/\/chacosintesis.com.ar\/index.php\/wp-json\/wp\/v2\/categories?post=25669"},{"taxonomy":"post_tag","embeddable":true,"href":"https:\/\/chacosintesis.com.ar\/index.php\/wp-json\/wp\/v2\/tags?post=25669"}],"curies":[{"name":"wp","href":"https:\/\/api.w.org\/{rel}","templated":true}]}}