{"id":25667,"date":"2023-08-24T17:41:24","date_gmt":"2023-08-24T20:41:24","guid":{"rendered":"https:\/\/chacosintesis.com.ar\/?p=25667"},"modified":"2023-08-24T18:06:41","modified_gmt":"2023-08-24T21:06:41","slug":"chapo-reforzamos-las-tareas-preventivas-junto-con-todas-las-fuerzas-de-seguridad-en-la-provincia","status":"publish","type":"post","link":"https:\/\/chacosintesis.com.ar\/index.php\/chapo-reforzamos-las-tareas-preventivas-junto-con-todas-las-fuerzas-de-seguridad-en-la-provincia\/","title":{"rendered":"Chapo: \u201cReforzamos las tareas preventivas junto con todas las fuerzas de seguridad en la provincia\u201d"},"content":{"rendered":"<div class=\"postie-post\">El vocero oficial dio detalles acerca de la reuni\u00f3n entre funcionarios, jefes policiales y comerciantes que tuvo lugar el mi\u00e9rcoles por la noche. \u201cEstamos llevando tranquilidad a la sociedad en su conjunto para asegurar la paz social\u201d, afirm\u00f3.<br \/>\nEl vocero oficial Juan Manuel Chapo ofreci\u00f3 este jueves su habitual conferencia de prensa, instancia en la que inform\u00f3 sobre distintos temas de actualidad y brind\u00f3 detalles sobre la agenda del gobernador para los pr\u00f3ximos d\u00edas.<br \/>\nEn este marco, el portavoz hizo menci\u00f3n a las acciones de car\u00e1cter preventivo que el gobierno despliega para garantizar la paz social y el normal desenvolvimiento de la actividad comercial.<br \/>\nChapo dio detalles de la reuni\u00f3n mantenida el mi\u00e9rcoles por la noche con empresarios y representantes de distintas c\u00e1maras mercantiles y sectoriales a quienes inform\u00f3 sobre las tareas que se llevan adelante en cuanto a seguridad y prevenci\u00f3n.<br \/>\n\u201cAnte situaciones que se dieron en algunas provincias del pa\u00eds nos parece importante llevar la m\u00e1s absoluta tranquilidad a la comunidad, dada cierta preocupaci\u00f3n que se fue generando\u201d, se\u00f1al\u00f3.<br \/>\nEl vocero remarc\u00f3 que en todo el Chaco no se registraron incidentes o casos de saqueo a comercios, y que malintencionadamente se intent\u00f3 conferir ese tono al robo sufrido por una helader\u00eda de Resistencia.<br \/>\n\u201cDesde el gobierno provincial desestimamos rotundamente rumores esparcidos de manera irresponsable en las \u00faltimas horas; no han ocurrido en ning\u00fan punto de nuestra provincia hechos de caracter\u00edsticas como las que se busc\u00f3 malinformar\u201d, se\u00f1al\u00f3.<br \/>\n\u201cSe intent\u00f3 ligar un hecho delictivo en una helader\u00eda de la capital que absolutamente nada tiene que ver con otro tipo de situaciones\u201d, ratific\u00f3.<br \/>\nEl portavoz ampli\u00f3 los detalles sobre el encuentro del mi\u00e9rcoles, del que participaron tambi\u00e9n el subsecretario de Planificaci\u00f3n en Seguridad y Justicia, Leandro \u00c1lvarez; jefes policiales; altos mandos de Gendarmer\u00eda Nacional; y representantes de la C\u00e1mara de Comercio de Resistencia, de la Federaci\u00f3n Econ\u00f3mica del Chaco, de la C\u00e1mara de Supermercados y de la C\u00e1mara de Distribuidores.<br \/>\n\u201cReforzamos las tareas preventivas junto con todas las fuerzas de seguridad en la provincia; estamos llevando tranquilidad a la sociedad en su conjunto para asegurar la paz social\u201d, apunt\u00f3.<br \/>\nEl portavoz asegur\u00f3 que al fortalecimiento de la presencia policial en las calles mediante operativos de saturaci\u00f3n se suman acciones de ciberpatrullaje teniendo en cuenta que en algunos puntos del pa\u00eds se han detectado grupos organizados que a trav\u00e9s o desde las redes sociales movilizaron incidentes o ataques a comercios.<br \/>\n\u201cNo vamos a permitir la incitaci\u00f3n a la comisi\u00f3n de ning\u00fan tipo de delito de estas caracter\u00edsticas; queremos llevar la m\u00e1s profunda tranquilidad a la poblaci\u00f3n porque no hemos tenido en el Chaco episodios de esta naturaleza y tampoco amenazas de posibles hechos\u201d, agreg\u00f3.<\/p>\n<p>Hoy, nueva reuni\u00f3n<br \/>\nPor otra parte, Chapo anticip\u00f3 que a lo largo de este jueves se desarrollar\u00e1 una nueva reuni\u00f3n propiciada por el gobierno y que incluir\u00e1 a funcionarios provinciales, de la Justicia Federal y altos mandos de Gendarmer\u00eda y de las dem\u00e1s fuerzas de seguridad nacionales con asiento en el Chaco.<\/p>\n<p>Agenda del gobernador<\/p>\n<p>El vocero detall\u00f3 las actividades que desplegar\u00e1 el gobernador Jorge Capitanich entre este viernes y el domingo, que incluyen presencia en Resistencia y distintos puntos del interior.<br \/>\n\u201cMa\u00f1ana viernes el mandatario realizar\u00e1 importantes anuncios en materia de salud p\u00fablica por la ma\u00f1ana; en tanto que tambi\u00e9n se trasladar\u00e1 al sudoeste, d\u00f3nde visitar\u00e1 Villa Berthet, Samuh\u00fa y Santa Sylvina para la inauguraci\u00f3n de 32 cuadras de pavimento, otras 14 repavimentadas y un espacio p\u00fablico de grandes dimensiones\u201d, explic\u00f3.El s\u00e1bado y domingo, en tanto, el gobernador mantendr\u00e1 reuniones con vecinos y vecinas de diferentes barrios de Resistencia; entregar\u00e1 soluciones habitacionales; y participar\u00e1 del inicio de la Copa de Todos, en Presidencia Roque S\u00e1enz Pe\u00f1a.<br \/>\n<<a href=\"http:\/\/www.avg.com\/email-signature?utm_medium=email&#038;utm_source=link&#038;utm_campaign=sig-email&#038;utm_content=webmail\">www.avg.com\/email-signature?utm_medium=email&amp;utm_source=link&amp;utm_campaign=sig-email&amp;utm_content=webmail<\/a>> Libre de virus.www.avg.com <<a href=\"http:\/\/www.avg.com\/email-signature?utm_medium=email&#038;utm_source=link&#038;utm_campaign=sig-email&#038;utm_content=webmail\">www.avg.com\/email-signature?utm_medium=email&amp;utm_source=link&amp;utm_campaign=sig-email&amp;utm_content=webmail<\/a>> <#DAB4FAD8-2DD7-40BB-A1B8-4E2AA1F9FDF2><\/div>\n","protected":false},"excerpt":{"rendered":"<p>El vocero oficial dio detalles acerca de la reuni\u00f3n entre funcionarios, jefes policiales y comerciantes que tuvo lugar el mi\u00e9rcoles por la noche. \u201cEstamos llevando tranquilidad a la sociedad en su conjunto para asegurar la paz social\u201d, afirm\u00f3. El vocero oficial Juan Manuel Chapo ofreci\u00f3 este jueves su habitual conferencia de prensa, instancia en la [&hellip;]<\/p>\n","protected":false},"author":1,"featured_media":25668,"comment_status":"closed","ping_status":"closed","sticky":false,"template":"","format":"standard","meta":{"footnotes":""},"categories":[6],"tags":[],"class_list":{"0":"post-25667","1":"post","2":"type-post","3":"status-publish","4":"format-standard","5":"has-post-thumbnail","7":"category-chaco"},"_links":{"self":[{"href":"https:\/\/chacosintesis.com.ar\/index.php\/wp-json\/wp\/v2\/posts\/25667","targetHints":{"allow":["GET"]}}],"collection":[{"href":"https:\/\/chacosintesis.com.ar\/index.php\/wp-json\/wp\/v2\/posts"}],"about":[{"href":"https:\/\/chacosintesis.com.ar\/index.php\/wp-json\/wp\/v2\/types\/post"}],"author":[{"embeddable":true,"href":"https:\/\/chacosintesis.com.ar\/index.php\/wp-json\/wp\/v2\/users\/1"}],"replies":[{"embeddable":true,"href":"https:\/\/chacosintesis.com.ar\/index.php\/wp-json\/wp\/v2\/comments?post=25667"}],"version-history":[{"count":0,"href":"https:\/\/chacosintesis.com.ar\/index.php\/wp-json\/wp\/v2\/posts\/25667\/revisions"}],"wp:featuredmedia":[{"embeddable":true,"href":"https:\/\/chacosintesis.com.ar\/index.php\/wp-json\/wp\/v2\/media\/25668"}],"wp:attachment":[{"href":"https:\/\/chacosintesis.com.ar\/index.php\/wp-json\/wp\/v2\/media?parent=25667"}],"wp:term":[{"taxonomy":"category","embeddable":true,"href":"https:\/\/chacosintesis.com.ar\/index.php\/wp-json\/wp\/v2\/categories?post=25667"},{"taxonomy":"post_tag","embeddable":true,"href":"https:\/\/chacosintesis.com.ar\/index.php\/wp-json\/wp\/v2\/tags?post=25667"}],"curies":[{"name":"wp","href":"https:\/\/api.w.org\/{rel}","templated":true}]}}