{"id":25663,"date":"2023-08-24T17:31:39","date_gmt":"2023-08-24T20:31:39","guid":{"rendered":"https:\/\/chacosintesis.com.ar\/?p=25663"},"modified":"2023-08-24T17:36:53","modified_gmt":"2023-08-24T20:36:53","slug":"capitanich-entrego-beneficios-economicos-a-15-instituciones-de-profesionales","status":"publish","type":"post","link":"https:\/\/chacosintesis.com.ar\/index.php\/capitanich-entrego-beneficios-economicos-a-15-instituciones-de-profesionales\/","title":{"rendered":"Capitanich entreg\u00f3 beneficios econ\u00f3micos a 15 instituciones de profesionales"},"content":{"rendered":"<div class=\"postie-post\">Se trata de aportes financieros no reembolsables de $1.000.000 para la adquisici\u00f3n de materiales de construcci\u00f3n y equipamientos que beneficien a los consejos y colegios de profesionales de la provincia, como parte del programa \u201cFortalecimiento Institucional\u201d.<br \/>\nEl gobernador Jorge Capitanich entreg\u00f3 beneficios econ\u00f3micos a 15 instituciones agrupadas en la Federaci\u00f3n de Entidades Profesionales Universitarios del Chaco (FEPUCH) en la noche del mi\u00e9rcoles, en el marco del programa \u201cFortalecimiento Institucional\u201d que impulsa el Gobierno provincial. \u201cEsta entrega es muy importante para nosotros. Esta Federaci\u00f3n aglutina a m\u00e1s de 20 mil profesionales, y queremos fortalecer su proceso de formaci\u00f3n, ya que su participaci\u00f3n es clave en los cuatro vectores de crecimiento que tenemos para la econom\u00eda chaque\u00f1a y que buscan la creaci\u00f3n de 200 mil empleos formales\u201d, expres\u00f3 Capitanich, quien estuvo acompa\u00f1ado por el ministro de Planificaci\u00f3n, Econom\u00eda e Infraestructura, Santiago P\u00e9rez Pons. El programa \u201cFortalecimiento Institucional\u201d, impulsado por el Ministerio de Planificaci\u00f3n, Econom\u00eda e Infraestructura, est\u00e1 destinado a financiar proyectos de reformas, mejoras edilicias y la adquisici\u00f3n de bienes de uso. Se trata de aportes financieros no reembolsables (ANR) por un valor de $1.000.000, como parte de la l\u00ednea \u201cPersonas Jur\u00eddicas sin fines de lucro\u201d, la cual busca acompa\u00f1ar a los consejos y colegios de profesionales de la provincia. Esta l\u00ednea especial del programa, dirigida exclusivamente a entidades sin fines de lucro que agrupen o representen a trabajadores profesionales, contempla la posibilidad de utilizar esos ANR en puntos de venta adheridos a la tarjeta TUYA recargable para la adquisici\u00f3n de materiales de construcci\u00f3n y equipamientos que contribuyan al desempe\u00f1o de la actividad que se desarrolla. En esta oportunidad, fueron beneficiadas 15 instituciones, de las 21 que integran la FEPUCH. En este sentido, Capitanich enumer\u00f3 los diferentes programas y beneficios que se impulsan desde el Gobierno provincial para el desarrollo profesional y asegur\u00f3 que \u201cvamos a seguir trabajando para que se potencien becas de iniciaci\u00f3n y finalizaci\u00f3n, de posgrados en el exterior, de financiamiento para acceso a tecnolog\u00edas, entre otros beneficios. Hay mucho para hacer, y debemos seguir profundizando estas cuestiones\u201d. Por su parte, el ministro Perez Pons agradeci\u00f3 la predisposici\u00f3n y el trabajo conjunto para poner en marcha esta herramienta de apoyo mutuo, ya que \u201chacen que las cosas sean m\u00e1s f\u00e1ciles para todos. Si cada uno de los trabajadores profesionales consigue crecer de forma progresiva, este proceso podr\u00e1 continuar y tener un mejor desarrollo. Todo lo que haya funcionado, lo potenciaremos\u201d. A su vez, el presidente del FEPUCH, Ricardo Urturi, agradeci\u00f3 a las autoridades por el impulso del programa y destac\u00f3 \u201cla sinergia entre lo p\u00fablico y lo privado, especialmente cuando se apuntala el trabajo de los consejos y los colegios de profesionales. Esto es muy positivo para toda la actividad que llevamos en la Federaci\u00f3n, y m\u00e1s cuando se trata del cumplimiento de un compromiso asumido por el gobernador\u201d. Finalmente, el representante del Consejo Profesional de Agrimensura, Carlos Diez, coment\u00f3 que \u201ces una muy buena medida, que surge de anteriores charlas con el gobernador, quien siempre nos ha atendido en nuestras inquietudes. Todo lo que sea para fortalecer las acciones institucionales que llevamos adelante dentro de nuestras entidades es bienvenido, con la tarea final de llevar beneficios a la comunidad a trav\u00e9s de las distintas profesiones\u201d. Las instituciones beneficiadas fueron el Colegio de Bioqu\u00edmicos Del Chaco; Colegio de Corredores Inmobiliarios; Colegio de Escribanos; Colegio de Martilleros P\u00fablicos; Colegio P\u00fablico Profesional De Licenciados en Nutrici\u00f3n, Nutricionista-Dietista, Nutricionista y Profesionales; Colegio De Odont\u00f3logos del Chaco; Colegio Profesional del Servicio Social; Colegio de Psic\u00f3logos; Colegio Profesional de Arquitectura y Urbanismo del Chaco; Colegio Profesional de T\u00e9cnicos del Chaco; Consejo de Profesionales de la Ingenier\u00eda y Actividades Afines; Consejo Veterinario del Chaco; Consejo Profesional de Abogados y Procuradores; Consejo Profesional de Agrimensura y el Consejo Profesional de Ingenieros Agr\u00f3nomos del Chaco.<br \/>\n<<a href=\"http:\/\/www.avg.com\/email-signature?utm_medium=email&#038;utm_source=link&#038;utm_campaign=sig-email&#038;utm_content=webmail\">www.avg.com\/email-signature?utm_medium=email&amp;utm_source=link&amp;utm_campaign=sig-email&amp;utm_content=webmail<\/a>> Libre de virus.www.avg.com <<a href=\"http:\/\/www.avg.com\/email-signature?utm_medium=email&#038;utm_source=link&#038;utm_campaign=sig-email&#038;utm_content=webmail\">www.avg.com\/email-signature?utm_medium=email&amp;utm_source=link&amp;utm_campaign=sig-email&amp;utm_content=webmail<\/a>> <#DAB4FAD8-2DD7-40BB-A1B8-4E2AA1F9FDF2><\/div>\n","protected":false},"excerpt":{"rendered":"<p>Se trata de aportes financieros no reembolsables de $1.000.000 para la adquisici\u00f3n de materiales de construcci\u00f3n y equipamientos que beneficien a los consejos y colegios de profesionales de la provincia, como parte del programa \u201cFortalecimiento Institucional\u201d. El gobernador Jorge Capitanich entreg\u00f3 beneficios econ\u00f3micos a 15 instituciones agrupadas en la Federaci\u00f3n de Entidades Profesionales Universitarios del [&hellip;]<\/p>\n","protected":false},"author":1,"featured_media":25664,"comment_status":"closed","ping_status":"closed","sticky":false,"template":"","format":"standard","meta":{"footnotes":""},"categories":[6],"tags":[],"class_list":{"0":"post-25663","1":"post","2":"type-post","3":"status-publish","4":"format-standard","5":"has-post-thumbnail","7":"category-chaco"},"_links":{"self":[{"href":"https:\/\/chacosintesis.com.ar\/index.php\/wp-json\/wp\/v2\/posts\/25663","targetHints":{"allow":["GET"]}}],"collection":[{"href":"https:\/\/chacosintesis.com.ar\/index.php\/wp-json\/wp\/v2\/posts"}],"about":[{"href":"https:\/\/chacosintesis.com.ar\/index.php\/wp-json\/wp\/v2\/types\/post"}],"author":[{"embeddable":true,"href":"https:\/\/chacosintesis.com.ar\/index.php\/wp-json\/wp\/v2\/users\/1"}],"replies":[{"embeddable":true,"href":"https:\/\/chacosintesis.com.ar\/index.php\/wp-json\/wp\/v2\/comments?post=25663"}],"version-history":[{"count":0,"href":"https:\/\/chacosintesis.com.ar\/index.php\/wp-json\/wp\/v2\/posts\/25663\/revisions"}],"wp:featuredmedia":[{"embeddable":true,"href":"https:\/\/chacosintesis.com.ar\/index.php\/wp-json\/wp\/v2\/media\/25664"}],"wp:attachment":[{"href":"https:\/\/chacosintesis.com.ar\/index.php\/wp-json\/wp\/v2\/media?parent=25663"}],"wp:term":[{"taxonomy":"category","embeddable":true,"href":"https:\/\/chacosintesis.com.ar\/index.php\/wp-json\/wp\/v2\/categories?post=25663"},{"taxonomy":"post_tag","embeddable":true,"href":"https:\/\/chacosintesis.com.ar\/index.php\/wp-json\/wp\/v2\/tags?post=25663"}],"curies":[{"name":"wp","href":"https:\/\/api.w.org\/{rel}","templated":true}]}}