{"id":25661,"date":"2023-08-24T09:26:25","date_gmt":"2023-08-24T12:26:25","guid":{"rendered":"https:\/\/chacosintesis.com.ar\/?p=25661"},"modified":"2023-08-24T09:28:33","modified_gmt":"2023-08-24T12:28:33","slug":"zdero-la-educacion-sera-uno-de-los-pilares-de-mi-gobierno","status":"publish","type":"post","link":"https:\/\/chacosintesis.com.ar\/index.php\/zdero-la-educacion-sera-uno-de-los-pilares-de-mi-gobierno\/","title":{"rendered":"Zdero: La educaci\u00f3n ser\u00e1 uno de los pilares de mi gobierno"},"content":{"rendered":"<div class=\"postie-post\">Leandro Zdero, candidato a Gobernador de Juntos por el Cambio, junto a la Prof. Sof\u00eda Naidenoff y a los candidatos a diputados provinciales Carmen Britto e Iv\u00e1n G\u00ffoker mantuvieron una reuni\u00f3n con docentes de Escuelas P\u00fablicas de Gesti\u00f3n Privada, para escuchar sus demandas y dar a conocer sus propuestas al sector. \u201cUn encuentro positivo, porque escuchamos de parte de los protagonistas la realidad que hoy atraviesan y adem\u00e1s, avanzamos en un trabajo planificado para mejorar la calidad educativa\u201d.<br \/>\n Sobre la importancia del trabajo diario que llevan adelante las Escuelas P\u00fablicas de Gesti\u00f3n privada, Zdero agreg\u00f3: \u201cvaloramos la tarea que desarrollan, porque ellos ser\u00e1n protagonistas del tiempo que se viene en el Chaco. Por eso, reiteramos nuestro compromiso de jerarquizar la educaci\u00f3n, recuperar el rol del docente y los salarios dignos para todo el sector, como as\u00ed tambi\u00e9n proponemos en lo edilicio, trabajar fuertemente para poner las escuelas en condiciones, con refacciones o construcciones nuevas en toda la provincia. Vamos a terminar con las irregularidades en los pos t\u00edtulos, a garantizar el transporte gratuito para los docentes en todo el Chaco, a vincular la educaci\u00f3n con el mundo del trabajo y de la tecnolog\u00eda; llegando tambi\u00e9n con capacitaciones y concursos docentes\u201d<\/p>\n<p>VAMOS A LOGRAR UN MARCO REGULATORIO PARA LAS ESCUELAS P\u00daBLICAS DE GESTI\u00d3N PRIVADA<\/p>\n<p>Dentro de los temas que se abordaron durante esta convocatoria, en la ciudad de Resistencia, los docentes de Escuelas P\u00fablicas de Gesti\u00f3n Privada transmitieron algunas pautas en general, para lograr una ley que regule adecuadamente a las escuelas p\u00fablicas de gesti\u00f3n privada. En este sentido, Zdero remarc\u00f3: \u201cNosotros hacemos el compromiso de trabajar por esta Ley, con algunos proyectos que ya se han presentado en la Legislatura; por eso, vamos a seguir insistiendo en ese trabajo conjunto, en un sistema educativo ordenado y con una v\u00eda de di\u00e1logo permanente junto a todas las comunidades educativas. Estamos convencidos que la educaci\u00f3n es el camino para transformar al Chaco y ser\u00e1 uno de los pilares fundamentales durante mi gesti\u00f3n\u201d.<\/p><\/div>\n","protected":false},"excerpt":{"rendered":"<p>Leandro Zdero, candidato a Gobernador de Juntos por el Cambio, junto a la Prof. Sof\u00eda Naidenoff y a los candidatos a diputados provinciales Carmen Britto e Iv\u00e1n G\u00ffoker mantuvieron una reuni\u00f3n con docentes de Escuelas P\u00fablicas de Gesti\u00f3n Privada, para escuchar sus demandas y dar a conocer sus propuestas al sector. \u201cUn encuentro positivo, porque [&hellip;]<\/p>\n","protected":false},"author":1,"featured_media":25662,"comment_status":"closed","ping_status":"closed","sticky":false,"template":"","format":"standard","meta":{"footnotes":""},"categories":[6],"tags":[],"class_list":{"0":"post-25661","1":"post","2":"type-post","3":"status-publish","4":"format-standard","5":"has-post-thumbnail","7":"category-chaco"},"_links":{"self":[{"href":"https:\/\/chacosintesis.com.ar\/index.php\/wp-json\/wp\/v2\/posts\/25661","targetHints":{"allow":["GET"]}}],"collection":[{"href":"https:\/\/chacosintesis.com.ar\/index.php\/wp-json\/wp\/v2\/posts"}],"about":[{"href":"https:\/\/chacosintesis.com.ar\/index.php\/wp-json\/wp\/v2\/types\/post"}],"author":[{"embeddable":true,"href":"https:\/\/chacosintesis.com.ar\/index.php\/wp-json\/wp\/v2\/users\/1"}],"replies":[{"embeddable":true,"href":"https:\/\/chacosintesis.com.ar\/index.php\/wp-json\/wp\/v2\/comments?post=25661"}],"version-history":[{"count":0,"href":"https:\/\/chacosintesis.com.ar\/index.php\/wp-json\/wp\/v2\/posts\/25661\/revisions"}],"wp:featuredmedia":[{"embeddable":true,"href":"https:\/\/chacosintesis.com.ar\/index.php\/wp-json\/wp\/v2\/media\/25662"}],"wp:attachment":[{"href":"https:\/\/chacosintesis.com.ar\/index.php\/wp-json\/wp\/v2\/media?parent=25661"}],"wp:term":[{"taxonomy":"category","embeddable":true,"href":"https:\/\/chacosintesis.com.ar\/index.php\/wp-json\/wp\/v2\/categories?post=25661"},{"taxonomy":"post_tag","embeddable":true,"href":"https:\/\/chacosintesis.com.ar\/index.php\/wp-json\/wp\/v2\/tags?post=25661"}],"curies":[{"name":"wp","href":"https:\/\/api.w.org\/{rel}","templated":true}]}}