{"id":25655,"date":"2023-08-24T08:05:29","date_gmt":"2023-08-24T11:05:29","guid":{"rendered":"https:\/\/chacosintesis.com.ar\/?p=25655"},"modified":"2023-08-24T08:06:38","modified_gmt":"2023-08-24T11:06:38","slug":"la-legislatura-sanciono-la-adhesion-de-la-provincia-a-la-ley-lucio","status":"publish","type":"post","link":"https:\/\/chacosintesis.com.ar\/index.php\/la-legislatura-sanciono-la-adhesion-de-la-provincia-a-la-ley-lucio\/","title":{"rendered":"La Legislatura sancion\u00f3 la adhesi\u00f3n de la provincia a la &#8220;Ley Lucio\u201d"},"content":{"rendered":"<div class=\"postie-post\">Por unanimidad, los y las legisladoras aprobaron la iniciativa que establece la capacitaci\u00f3n obligatoria en materia de derechos de la infancia que se implementa a trav\u00e9s de un plan federal. Tambi\u00e9n crearon cargos para el Ministerio P\u00fablico de la Defensa y crearon el Programa Provincial para la protecci\u00f3n de Abejas; entre otras.<\/p>\n<p>Despu\u00e9s del receso generado por el calendario electoral, la Legislatura provincial volvi\u00f3 a sesionar este mi\u00e9rcoles y avanz\u00f3 con la sanci\u00f3n de varios proyectos de ley, entre los que se destaca la adhesi\u00f3n de la provincia a la conocida como &#8220;Ley Lucio\u201d. La sesi\u00f3n ordinaria N\u00ba 20, estuvo presidida por \u00c9lida Cuesta, y sum\u00f3 a la normativa vigente iniciativas que establecen la capacitaci\u00f3n obligatoria en materia de derechos de la infancia y prevenci\u00f3n temprana en contextos de vulneraci\u00f3n de ni\u00f1as, ni\u00f1os y adolescentes, mediante la adhesi\u00f3n al Plan Federal creado por la llamada \u201cLey Lucio\u201d.<br \/>\nA la vez, la C\u00e1mara de Diputados aprob\u00f3, en forma un\u00e1nime, el proyecto del Superior Tribunal de Justicia que modifica la ley N\u00b0 913-B, del Ministerio P\u00fablico y crea cargos destinados a cubrir las funciones de Secretario del Defensor Penal, Secretario del Defensor de Pobres, Incapaces y Ausentes, Secretario de Asesores de Menores de Edad y Prosecretario de Defensor\u00eda Barrial en la estructura de las dependencias que integran el Ministerio P\u00fablico de la Defensa.<br \/>\nAdem\u00e1s, se convirti\u00f3 en ley la obligatoriedad de que los supermercados e hipermercados cuenten con carritos y canastos de compras adaptados para el uso de personas con movilidad reducida. El proyecto fue impulsado por la presidenta del Poder, \u00c9lida Cuesta. Seguidamente se cre\u00f3 el Programa Provincial para la protecci\u00f3n de las abejas, como insecto \u00fatil en la preservaci\u00f3n de los ecosistemas dada su funci\u00f3n como agente polinizador, m\u00e1s all\u00e1 de su explotaci\u00f3n como actividad econ\u00f3mica prevista por la ley 966-I; iniciativa autor\u00eda del diputado Livio Guti\u00e9rrez.<br \/>\nFinalmente, se ratificaron decretos del Poder Ejecutivo referidos a bonificaciones y readecuaciones salariales para distintos estamentos de la Administraci\u00f3n P\u00fablica.<\/p><\/div>\n","protected":false},"excerpt":{"rendered":"<p>Por unanimidad, los y las legisladoras aprobaron la iniciativa que establece la capacitaci\u00f3n obligatoria en materia de derechos de la infancia que se implementa a trav\u00e9s de un plan federal. Tambi\u00e9n crearon cargos para el Ministerio P\u00fablico de la Defensa y crearon el Programa Provincial para la protecci\u00f3n de Abejas; entre otras. Despu\u00e9s del receso [&hellip;]<\/p>\n","protected":false},"author":1,"featured_media":25656,"comment_status":"closed","ping_status":"closed","sticky":false,"template":"","format":"standard","meta":{"footnotes":""},"categories":[6],"tags":[],"class_list":{"0":"post-25655","1":"post","2":"type-post","3":"status-publish","4":"format-standard","5":"has-post-thumbnail","7":"category-chaco"},"_links":{"self":[{"href":"https:\/\/chacosintesis.com.ar\/index.php\/wp-json\/wp\/v2\/posts\/25655","targetHints":{"allow":["GET"]}}],"collection":[{"href":"https:\/\/chacosintesis.com.ar\/index.php\/wp-json\/wp\/v2\/posts"}],"about":[{"href":"https:\/\/chacosintesis.com.ar\/index.php\/wp-json\/wp\/v2\/types\/post"}],"author":[{"embeddable":true,"href":"https:\/\/chacosintesis.com.ar\/index.php\/wp-json\/wp\/v2\/users\/1"}],"replies":[{"embeddable":true,"href":"https:\/\/chacosintesis.com.ar\/index.php\/wp-json\/wp\/v2\/comments?post=25655"}],"version-history":[{"count":0,"href":"https:\/\/chacosintesis.com.ar\/index.php\/wp-json\/wp\/v2\/posts\/25655\/revisions"}],"wp:featuredmedia":[{"embeddable":true,"href":"https:\/\/chacosintesis.com.ar\/index.php\/wp-json\/wp\/v2\/media\/25656"}],"wp:attachment":[{"href":"https:\/\/chacosintesis.com.ar\/index.php\/wp-json\/wp\/v2\/media?parent=25655"}],"wp:term":[{"taxonomy":"category","embeddable":true,"href":"https:\/\/chacosintesis.com.ar\/index.php\/wp-json\/wp\/v2\/categories?post=25655"},{"taxonomy":"post_tag","embeddable":true,"href":"https:\/\/chacosintesis.com.ar\/index.php\/wp-json\/wp\/v2\/tags?post=25655"}],"curies":[{"name":"wp","href":"https:\/\/api.w.org\/{rel}","templated":true}]}}