{"id":25651,"date":"2023-08-23T22:52:50","date_gmt":"2023-08-24T01:52:50","guid":{"rendered":"https:\/\/chacosintesis.com.ar\/?p=25651"},"modified":"2023-08-23T23:06:40","modified_gmt":"2023-08-24T02:06:40","slug":"inscriben-para-la-profesionalizacion-de-auxiliares-de-enfermeria","status":"publish","type":"post","link":"https:\/\/chacosintesis.com.ar\/index.php\/inscriben-para-la-profesionalizacion-de-auxiliares-de-enfermeria\/","title":{"rendered":"Inscriben para la Profesionalizaci\u00f3n de Auxiliares de Enfermer\u00eda"},"content":{"rendered":"<div class=\"postie-post\">El Ministerio de Salud del Chaco inform\u00f3 que est\u00e1 abierta la inscripci\u00f3n y la recepci\u00f3n de documentaci\u00f3n est\u00e1 habilitada en cada localidad con una fecha espec\u00edfica.<br \/>\nEl Ministerio de Salud del Chaco inform\u00f3 que est\u00e1 abierta la inscripci\u00f3n para la segunda cohorte de Profesionalizaci\u00f3n de Auxiliares de Enfermer\u00eda. La recepci\u00f3n de documentaci\u00f3n est\u00e1 habilitada en cada localidad con una fecha espec\u00edfica.<br \/>\nEntre la documentaci\u00f3n a entregar, est\u00e1 el formulario de inscripci\u00f3n como prioridad. Para obtener detalles, se debe ingresar a <a href=\"http:\/\/insup.com.ar\/EscueladeSalud\/\">insup.com.ar\/EscueladeSalud\/<\/a> y completar el formulario para luego ser impreso.<br \/>\nAdem\u00e1s, dos  fotocopias del DNI, fotocopia del T\u00edtulo Secundario, fotocopia del certificado de Auxiliar de Enfermer\u00eda, fotocopia de la matr\u00edcula y constancia de trabajo.<br \/>\nLa documentaci\u00f3n debe ser entregada en cualquiera de estos lugares: Resistencia del 28\/8 al 1\/9 en Lisandro de la Torre 264. Los horarios son de 9 a 12 y 14.30 a 16.<br \/>\nEn Villa \u00c1ngela del 28\/8 al 30\/08 en IESVA &#8211; Calles Rivadavia y Luis Braile de 9 a 12. En Castelli del 28\/8 al 31\/08 en el Sal\u00f3n de clases &#8211; Hospital Bicentenario de 9 a 12.<br \/>\nTambi\u00e9n en Puerto Tirol del 30\/08 al 1\/09 en el CIC-Av. Saavedra y Juan B. Justo 15 a 17 y para S\u00e1enz Pe\u00f1a del 28\/8 al 1\/9 en Av. Islas Malvinas 1350 de 14 a 16.<br \/>\nLa profesionalizaci\u00f3n de Auxiliares en Enfermer\u00eda es posible gracias al trabajo coordinado de la Escuela de Salud P\u00fablica, la Direcci\u00f3n de Capital Humano, la Subsecretar\u00eda de Salud, el Ministerio de Salud P\u00fablica y el Ministerio de Educaci\u00f3n del Chaco.<br \/>\n<<a href=\"http:\/\/www.avg.com\/email-signature?utm_medium=email&#038;utm_source=link&#038;utm_campaign=sig-email&#038;utm_content=webmail\">www.avg.com\/email-signature?utm_medium=email&amp;utm_source=link&amp;utm_campaign=sig-email&amp;utm_content=webmail<\/a>> Libre de virus.www.avg.com <<a href=\"http:\/\/www.avg.com\/email-signature?utm_medium=email&#038;utm_source=link&#038;utm_campaign=sig-email&#038;utm_content=webmail\">www.avg.com\/email-signature?utm_medium=email&amp;utm_source=link&amp;utm_campaign=sig-email&amp;utm_content=webmail<\/a>> <#DAB4FAD8-2DD7-40BB-A1B8-4E2AA1F9FDF2><\/div>\n","protected":false},"excerpt":{"rendered":"<p>El Ministerio de Salud del Chaco inform\u00f3 que est\u00e1 abierta la inscripci\u00f3n y la recepci\u00f3n de documentaci\u00f3n est\u00e1 habilitada en cada localidad con una fecha espec\u00edfica. El Ministerio de Salud del Chaco inform\u00f3 que est\u00e1 abierta la inscripci\u00f3n para la segunda cohorte de Profesionalizaci\u00f3n de Auxiliares de Enfermer\u00eda. La recepci\u00f3n de documentaci\u00f3n est\u00e1 habilitada en [&hellip;]<\/p>\n","protected":false},"author":1,"featured_media":25652,"comment_status":"closed","ping_status":"closed","sticky":false,"template":"","format":"standard","meta":{"footnotes":""},"categories":[6],"tags":[],"class_list":{"0":"post-25651","1":"post","2":"type-post","3":"status-publish","4":"format-standard","5":"has-post-thumbnail","7":"category-chaco"},"_links":{"self":[{"href":"https:\/\/chacosintesis.com.ar\/index.php\/wp-json\/wp\/v2\/posts\/25651","targetHints":{"allow":["GET"]}}],"collection":[{"href":"https:\/\/chacosintesis.com.ar\/index.php\/wp-json\/wp\/v2\/posts"}],"about":[{"href":"https:\/\/chacosintesis.com.ar\/index.php\/wp-json\/wp\/v2\/types\/post"}],"author":[{"embeddable":true,"href":"https:\/\/chacosintesis.com.ar\/index.php\/wp-json\/wp\/v2\/users\/1"}],"replies":[{"embeddable":true,"href":"https:\/\/chacosintesis.com.ar\/index.php\/wp-json\/wp\/v2\/comments?post=25651"}],"version-history":[{"count":0,"href":"https:\/\/chacosintesis.com.ar\/index.php\/wp-json\/wp\/v2\/posts\/25651\/revisions"}],"wp:featuredmedia":[{"embeddable":true,"href":"https:\/\/chacosintesis.com.ar\/index.php\/wp-json\/wp\/v2\/media\/25652"}],"wp:attachment":[{"href":"https:\/\/chacosintesis.com.ar\/index.php\/wp-json\/wp\/v2\/media?parent=25651"}],"wp:term":[{"taxonomy":"category","embeddable":true,"href":"https:\/\/chacosintesis.com.ar\/index.php\/wp-json\/wp\/v2\/categories?post=25651"},{"taxonomy":"post_tag","embeddable":true,"href":"https:\/\/chacosintesis.com.ar\/index.php\/wp-json\/wp\/v2\/tags?post=25651"}],"curies":[{"name":"wp","href":"https:\/\/api.w.org\/{rel}","templated":true}]}}