{"id":25648,"date":"2023-08-23T17:53:36","date_gmt":"2023-08-23T20:53:36","guid":{"rendered":"https:\/\/chacosintesis.com.ar\/?p=25648"},"modified":"2023-08-23T18:08:50","modified_gmt":"2023-08-23T21:08:50","slug":"reconocimiento-para-otras-nueve-comunidades-indigenas","status":"publish","type":"post","link":"https:\/\/chacosintesis.com.ar\/index.php\/reconocimiento-para-otras-nueve-comunidades-indigenas\/","title":{"rendered":"Reconocimiento para otras nueve comunidades ind\u00edgenas"},"content":{"rendered":"<div class=\"postie-post\">Se trata de una pol\u00edtica p\u00fablica que tiene que ver con reconocer los derechos territoriales de los pueblos ind\u00edgenas, enmarcados en el art\u00edculo 75 de la Constituci\u00f3n Nacional. En julio pasado se hizo lo propio con ocho comunidades, mientras que otras cinco esperan su aprobaci\u00f3n.<br \/>\nEl gobernador Jorge Capitanich y la vicegobernadora Anal\u00eda Rach Quiroga entregaron resoluciones de reconocimiento a nueve comunidades ind\u00edgenas del Chaco en el marco del programa nacional de Relevamiento Territorial de Comunidades Ind\u00edgenas. Las resoluciones incluyen la inscripci\u00f3n de las comunidades y la emisi\u00f3n de sus personer\u00edas jur\u00eddicas por parte del INAI.<br \/>\nLas comunidades que recibieron la resoluci\u00f3n de reconocimiento son: Comunidad Ind\u00edgena Margarita Bel\u00e9n ( Qom), Comunidad Ind\u00edgena Laguna Pato- La Leonesa (Qom), Comunidad Ind\u00edgena Barrio Camalote- Resistencia (Qom), Comunidad Ind\u00edgena Nuevo Asentamiento- LA leonesa (Qom), Comunidad Ind\u00edgena Rinc\u00f3n del Zorro- LA leonesa (Qom), Comunidad Ind\u00edgena Maria Inmaculada (Ex Villa Papelito)- Resistencia (Qom), Comunidad Ind\u00edgena Cincuenta Viviendas- puerto Tirol (Qom), Comunidad Ind\u00edgena Asentamiento Cristo Rey- Resistencia (Qom) y Comunidad Ind\u00edgena Puerto Vicentini- Fontana (Qom).<br \/>\nEl 20 de julio pasado, en Misi\u00f3n Nueva Pompeya, se entregaron ocho resoluciones m\u00e1s, sumando as\u00ed un total de 17 relevadas, y restan otras cinco que est\u00e1n a la espera de su aprobaci\u00f3n. Las resoluciones se entregan en el marco de la Ley nacional N\u00b0 26610, el Decreto 1122\/07 y la Resoluci\u00f3n N\u00b0587\/07.<br \/>\nLa ministra de Ambiente y Desarrollo Territorial Sostenible, Marta Soneira, se\u00f1al\u00f3 que se trata de un trabajo conjunto entre el INAI y el Gobierno del Chaco, \u201cque hoy logr\u00f3 un momento hist\u00f3rico, en el cual reivindicamos nuevamente una pol\u00edtica p\u00fablica que lider\u00f3 el gobernador Capitanich, que tiene que ver con el reconocimiento del territorio y de las comunidades ind\u00edgenas en la provincia\u201d.<br \/>\nA eso se suman las 780.000 hect\u00e1reas ya determinadas para los pueblos originarios en esta gesti\u00f3n. \u201cSi algo tuvo el Chaco en estos cuatros a\u00f1os es ser pionera en pol\u00edticas de acceso a derechos de los pueblos originarios, como casi ninguna otra provincia del pa\u00eds\u201d, asegur\u00f3 Soneira.<br \/>\nEl presidente del Instituto del Aborigen Chaque\u00f1o (IDACH), Miguel G\u00f3mez, destac\u00f3 el esfuerzo realizado por el equipo t\u00e9cnico en el \u00e1mbito territorial: &#8220;el apoyo de las comunidades, que juntos trabajaron para reunir, caminar y conocer cada ocupaci\u00f3n territorial de las comunidades&#8221;. \u201cSabemos que estamos en tiempos muy dif\u00edciles, jur\u00eddica y pol\u00edticamente, porque la sociedad minimiza a nuestras comunidades ind\u00edgenas, y eso nos lleva a nosotros poder reflexionar y empezar a defender nuestros derechos conseguidos\u201d, expres\u00f3.<br \/>\nEl director de Tierras y Registro Nacional de Comunidades Ind\u00edgenas, Martin Plaza Schaefer, indic\u00f3 que con la entrega de un reglamento se reconocen los derechos territoriales de los pueblos ind\u00edgenas, enmarcados en el art\u00edculo 75, inciso 17 de la Constituci\u00f3n Nacional y particularmente en la Ley Nacional 26.160. \u201cPara nosotros es un d\u00eda de much\u00edsima alegr\u00eda, pero particularmente nos da m\u00e1s satisfacci\u00f3n cuando este reconocimiento de derechos se hace de manera conjunta con los estados provinciales y particularmente con el Chaco \u201d, manifest\u00f3.<br \/>\nAgradeci\u00f3 al gobernador y a la vicegobernadora por participar del acto, ya que &#8220;no suelen haber muchos mandatarios en estos actos tan hist\u00f3ricos para los pueblos&#8221;. &#8220;Nos da much\u00edsima alegr\u00eda porque esta herramienta tiene mucha m\u00e1s fortaleza pol\u00edtica, jur\u00eddica e institucional cuando se hace ese acompa\u00f1amiento\u201d, dijo.<br \/>\nLey de protecci\u00f3n a las comunidades ind\u00edgenas<br \/>\nLa Ley nacional 26.160 fue sancionada a fines del a\u00f1o 2006 por un plazo de cuatro a\u00f1os y prorrogada en tres ocasiones. Declara la emergencia territorial de las comunidades ind\u00edgenas originarias del pa\u00eds. Suspende la ejecuci\u00f3n de sentencias, actos procesales o administrativos cuyo objeto sea el desalojo o desocupaci\u00f3n de las tierras que ocupan. Tambi\u00e9n ordena realizar un relevamiento t\u00e9cnico, jur\u00eddico y catastral, y en caso de corresponder, de tierras ocupadas por las mismas de forma actual, tradicional y p\u00fablica.<br \/>\n<<a href=\"http:\/\/www.avg.com\/email-signature?utm_medium=email&#038;utm_source=link&#038;utm_campaign=sig-email&#038;utm_content=webmail\">www.avg.com\/email-signature?utm_medium=email&amp;utm_source=link&amp;utm_campaign=sig-email&amp;utm_content=webmail<\/a>> Libre de virus.www.avg.com <<a href=\"http:\/\/www.avg.com\/email-signature?utm_medium=email&#038;utm_source=link&#038;utm_campaign=sig-email&#038;utm_content=webmail\">www.avg.com\/email-signature?utm_medium=email&amp;utm_source=link&amp;utm_campaign=sig-email&amp;utm_content=webmail<\/a>> <#DAB4FAD8-2DD7-40BB-A1B8-4E2AA1F9FDF2><\/div>\n","protected":false},"excerpt":{"rendered":"<p>Se trata de una pol\u00edtica p\u00fablica que tiene que ver con reconocer los derechos territoriales de los pueblos ind\u00edgenas, enmarcados en el art\u00edculo 75 de la Constituci\u00f3n Nacional. En julio pasado se hizo lo propio con ocho comunidades, mientras que otras cinco esperan su aprobaci\u00f3n. El gobernador Jorge Capitanich y la vicegobernadora Anal\u00eda Rach Quiroga [&hellip;]<\/p>\n","protected":false},"author":1,"featured_media":25649,"comment_status":"closed","ping_status":"closed","sticky":false,"template":"","format":"standard","meta":{"footnotes":""},"categories":[6],"tags":[],"class_list":{"0":"post-25648","1":"post","2":"type-post","3":"status-publish","4":"format-standard","5":"has-post-thumbnail","7":"category-chaco"},"_links":{"self":[{"href":"https:\/\/chacosintesis.com.ar\/index.php\/wp-json\/wp\/v2\/posts\/25648","targetHints":{"allow":["GET"]}}],"collection":[{"href":"https:\/\/chacosintesis.com.ar\/index.php\/wp-json\/wp\/v2\/posts"}],"about":[{"href":"https:\/\/chacosintesis.com.ar\/index.php\/wp-json\/wp\/v2\/types\/post"}],"author":[{"embeddable":true,"href":"https:\/\/chacosintesis.com.ar\/index.php\/wp-json\/wp\/v2\/users\/1"}],"replies":[{"embeddable":true,"href":"https:\/\/chacosintesis.com.ar\/index.php\/wp-json\/wp\/v2\/comments?post=25648"}],"version-history":[{"count":0,"href":"https:\/\/chacosintesis.com.ar\/index.php\/wp-json\/wp\/v2\/posts\/25648\/revisions"}],"wp:featuredmedia":[{"embeddable":true,"href":"https:\/\/chacosintesis.com.ar\/index.php\/wp-json\/wp\/v2\/media\/25649"}],"wp:attachment":[{"href":"https:\/\/chacosintesis.com.ar\/index.php\/wp-json\/wp\/v2\/media?parent=25648"}],"wp:term":[{"taxonomy":"category","embeddable":true,"href":"https:\/\/chacosintesis.com.ar\/index.php\/wp-json\/wp\/v2\/categories?post=25648"},{"taxonomy":"post_tag","embeddable":true,"href":"https:\/\/chacosintesis.com.ar\/index.php\/wp-json\/wp\/v2\/tags?post=25648"}],"curies":[{"name":"wp","href":"https:\/\/api.w.org\/{rel}","templated":true}]}}