{"id":25644,"date":"2023-08-23T17:46:50","date_gmt":"2023-08-23T20:46:50","guid":{"rendered":"https:\/\/chacosintesis.com.ar\/?p=25644"},"modified":"2023-08-23T18:08:41","modified_gmt":"2023-08-23T21:08:41","slug":"la-agencia-nacional-de-seguridad-vial-dono-100-cascos-para-margarita-belen","status":"publish","type":"post","link":"https:\/\/chacosintesis.com.ar\/index.php\/la-agencia-nacional-de-seguridad-vial-dono-100-cascos-para-margarita-belen\/","title":{"rendered":"La Agencia Nacional de Seguridad Vial don\u00f3 100 cascos para Margarita Bel\u00e9n"},"content":{"rendered":"<div class=\"postie-post\">El municipio iniciar\u00e1 en los pr\u00f3ximos d\u00edas la inscripci\u00f3n de vecinos y vecinas de la localidad que no posean cascos y quieran acceder a este elemento vital de seguridad para quienes circulan en moto.<br \/>\nEl director nacional de Prevenci\u00f3n del Delito y las Violencias de la Naci\u00f3n, Juan Cruz Giovannetti, visit\u00f3 en la ma\u00f1ana de este mi\u00e9rcoles Margarita Bel\u00e9n, localidad donde entreg\u00f3 una donaci\u00f3n de 100 cascos para ser distribuidos entre vecinos que circulan en moto y a\u00fan no tienen este elemento indispensable de seguridad.<br \/>\nEl funcionario del Ministerio de Seguridad de Naci\u00f3n fue recibido por el intendente Javier Mart\u00ednez, quien destac\u00f3 que este nuevo aporte, que viene de la Agenda Nacional de Seguridad Vial, constituye una herramienta m\u00e1s para la concientizaci\u00f3n, prevenci\u00f3n y seguridad vial de nuestra comunidad.<br \/>\n\u201cEn los pr\u00f3ximos d\u00edas estaremos haciendo las inscripciones a trav\u00e9s del \u00e1rea de Seguridad del Municipio para las correspondientes entregas\u201d, indic\u00f3 el jefe comuna<br \/>\n<<a href=\"http:\/\/www.avg.com\/email-signature?utm_medium=email&#038;utm_source=link&#038;utm_campaign=sig-email&#038;utm_content=webmail\">www.avg.com\/email-signature?utm_medium=email&amp;utm_source=link&amp;utm_campaign=sig-email&amp;utm_content=webmail<\/a>> Libre de virus.www.avg.com <<a href=\"http:\/\/www.avg.com\/email-signature?utm_medium=email&#038;utm_source=link&#038;utm_campaign=sig-email&#038;utm_content=webmail\">www.avg.com\/email-signature?utm_medium=email&amp;utm_source=link&amp;utm_campaign=sig-email&amp;utm_content=webmail<\/a>> <#DAB4FAD8-2DD7-40BB-A1B8-4E2AA1F9FDF2><\/div>\n","protected":false},"excerpt":{"rendered":"<p>El municipio iniciar\u00e1 en los pr\u00f3ximos d\u00edas la inscripci\u00f3n de vecinos y vecinas de la localidad que no posean cascos y quieran acceder a este elemento vital de seguridad para quienes circulan en moto. El director nacional de Prevenci\u00f3n del Delito y las Violencias de la Naci\u00f3n, Juan Cruz Giovannetti, visit\u00f3 en la ma\u00f1ana de [&hellip;]<\/p>\n","protected":false},"author":1,"featured_media":25645,"comment_status":"closed","ping_status":"closed","sticky":false,"template":"","format":"standard","meta":{"footnotes":""},"categories":[6],"tags":[],"class_list":{"0":"post-25644","1":"post","2":"type-post","3":"status-publish","4":"format-standard","5":"has-post-thumbnail","7":"category-chaco"},"_links":{"self":[{"href":"https:\/\/chacosintesis.com.ar\/index.php\/wp-json\/wp\/v2\/posts\/25644","targetHints":{"allow":["GET"]}}],"collection":[{"href":"https:\/\/chacosintesis.com.ar\/index.php\/wp-json\/wp\/v2\/posts"}],"about":[{"href":"https:\/\/chacosintesis.com.ar\/index.php\/wp-json\/wp\/v2\/types\/post"}],"author":[{"embeddable":true,"href":"https:\/\/chacosintesis.com.ar\/index.php\/wp-json\/wp\/v2\/users\/1"}],"replies":[{"embeddable":true,"href":"https:\/\/chacosintesis.com.ar\/index.php\/wp-json\/wp\/v2\/comments?post=25644"}],"version-history":[{"count":0,"href":"https:\/\/chacosintesis.com.ar\/index.php\/wp-json\/wp\/v2\/posts\/25644\/revisions"}],"wp:featuredmedia":[{"embeddable":true,"href":"https:\/\/chacosintesis.com.ar\/index.php\/wp-json\/wp\/v2\/media\/25645"}],"wp:attachment":[{"href":"https:\/\/chacosintesis.com.ar\/index.php\/wp-json\/wp\/v2\/media?parent=25644"}],"wp:term":[{"taxonomy":"category","embeddable":true,"href":"https:\/\/chacosintesis.com.ar\/index.php\/wp-json\/wp\/v2\/categories?post=25644"},{"taxonomy":"post_tag","embeddable":true,"href":"https:\/\/chacosintesis.com.ar\/index.php\/wp-json\/wp\/v2\/tags?post=25644"}],"curies":[{"name":"wp","href":"https:\/\/api.w.org\/{rel}","templated":true}]}}