{"id":25640,"date":"2023-08-23T17:41:35","date_gmt":"2023-08-23T20:41:35","guid":{"rendered":"https:\/\/chacosintesis.com.ar\/?p=25640"},"modified":"2023-08-23T18:08:32","modified_gmt":"2023-08-23T21:08:32","slug":"en-resistencia-robo-y-destrozos-a-un-local-de-la-heladeria-luigi","status":"publish","type":"post","link":"https:\/\/chacosintesis.com.ar\/index.php\/en-resistencia-robo-y-destrozos-a-un-local-de-la-heladeria-luigi\/","title":{"rendered":"En Resistencia: Robo y destrozos a un local de la Helader\u00eda Luigi"},"content":{"rendered":"<div class=\"postie-post\">En la madrugada de este jueves 23, se registr\u00f3 un grupo de j\u00f3venes que ingresaron rompiendo la vidriera al local de la Helader\u00eda Luigi de avenida Alberdi 2.250. En las c\u00e1maras de seguridad del comercio se ve a un grupo de 10 j\u00f3venes encapuchados que rompen los vidrios e ingresan al lugar, llev\u00e1ndose productos helados, dinero y objetos electr\u00f3nicos.<br \/>\nSeg\u00fan alertaron los vecinos, el hecho sucedi\u00f3 entre las 4 y 5:45 de la madrugada y la denuncia por robo fue registrada por N\u00e9stor Ariel Ruda, responsable de la helader\u00eda. Este ciudadano coment\u00f3 el faltante de $27.000, baldes helados, tortas heladas y calculadoras. Hasta el momento los agentes de la Comisar\u00eda Sexta Metropolitana lograron recuperar una caja registradora y algunos de los productos helados.<br \/>\nLa investigaci\u00f3n sigue su curso en la Divisi\u00f3n Rastro y DIC.<br \/>\n<<a href=\"http:\/\/www.avg.com\/email-signature?utm_medium=email&#038;utm_source=link&#038;utm_campaign=sig-email&#038;utm_content=webmail\">www.avg.com\/email-signature?utm_medium=email&amp;utm_source=link&amp;utm_campaign=sig-email&amp;utm_content=webmail<\/a>> Libre de virus.www.avg.com <<a href=\"http:\/\/www.avg.com\/email-signature?utm_medium=email&#038;utm_source=link&#038;utm_campaign=sig-email&#038;utm_content=webmail\">www.avg.com\/email-signature?utm_medium=email&amp;utm_source=link&amp;utm_campaign=sig-email&amp;utm_content=webmail<\/a>> <#DAB4FAD8-2DD7-40BB-A1B8-4E2AA1F9FDF2><\/div>\n","protected":false},"excerpt":{"rendered":"<p>En la madrugada de este jueves 23, se registr\u00f3 un grupo de j\u00f3venes que ingresaron rompiendo la vidriera al local de la Helader\u00eda Luigi de avenida Alberdi 2.250. En las c\u00e1maras de seguridad del comercio se ve a un grupo de 10 j\u00f3venes encapuchados que rompen los vidrios e ingresan al lugar, llev\u00e1ndose productos helados, [&hellip;]<\/p>\n","protected":false},"author":1,"featured_media":25641,"comment_status":"closed","ping_status":"closed","sticky":false,"template":"","format":"standard","meta":{"footnotes":""},"categories":[6],"tags":[],"class_list":{"0":"post-25640","1":"post","2":"type-post","3":"status-publish","4":"format-standard","5":"has-post-thumbnail","7":"category-chaco"},"_links":{"self":[{"href":"https:\/\/chacosintesis.com.ar\/index.php\/wp-json\/wp\/v2\/posts\/25640","targetHints":{"allow":["GET"]}}],"collection":[{"href":"https:\/\/chacosintesis.com.ar\/index.php\/wp-json\/wp\/v2\/posts"}],"about":[{"href":"https:\/\/chacosintesis.com.ar\/index.php\/wp-json\/wp\/v2\/types\/post"}],"author":[{"embeddable":true,"href":"https:\/\/chacosintesis.com.ar\/index.php\/wp-json\/wp\/v2\/users\/1"}],"replies":[{"embeddable":true,"href":"https:\/\/chacosintesis.com.ar\/index.php\/wp-json\/wp\/v2\/comments?post=25640"}],"version-history":[{"count":0,"href":"https:\/\/chacosintesis.com.ar\/index.php\/wp-json\/wp\/v2\/posts\/25640\/revisions"}],"wp:featuredmedia":[{"embeddable":true,"href":"https:\/\/chacosintesis.com.ar\/index.php\/wp-json\/wp\/v2\/media\/25641"}],"wp:attachment":[{"href":"https:\/\/chacosintesis.com.ar\/index.php\/wp-json\/wp\/v2\/media?parent=25640"}],"wp:term":[{"taxonomy":"category","embeddable":true,"href":"https:\/\/chacosintesis.com.ar\/index.php\/wp-json\/wp\/v2\/categories?post=25640"},{"taxonomy":"post_tag","embeddable":true,"href":"https:\/\/chacosintesis.com.ar\/index.php\/wp-json\/wp\/v2\/tags?post=25640"}],"curies":[{"name":"wp","href":"https:\/\/api.w.org\/{rel}","templated":true}]}}