{"id":25632,"date":"2023-08-23T17:27:34","date_gmt":"2023-08-23T20:27:34","guid":{"rendered":"https:\/\/chacosintesis.com.ar\/?p=25632"},"modified":"2023-08-23T17:37:34","modified_gmt":"2023-08-23T20:37:34","slug":"el-parque-solar-mas-grande-de-la-provincia-entraria-en-funcionamiento-a-partir-de-2024","status":"publish","type":"post","link":"https:\/\/chacosintesis.com.ar\/index.php\/el-parque-solar-mas-grande-de-la-provincia-entraria-en-funcionamiento-a-partir-de-2024\/","title":{"rendered":"El Parque Solar m\u00e1s grande de la provincia entrar\u00eda en funcionamiento a partir de 2024"},"content":{"rendered":"<div class=\"postie-post\">Ubicado en Pampa del Infierno, ser\u00e1 el tercero m\u00e1s grande del pa\u00eds con una potencia instalada de 150 megavatios y 220.000 paneles solares, adem\u00e1s brindar\u00e1 trabajo local para m\u00e1s de 300 personas.<br \/>\nEl ingeniero Gabriel Boczar, jefe del Departamento de Energ\u00edas Renovables que depende de la Subsecretar\u00eda de Energ\u00eda de la provincia, adelant\u00f3 este mi\u00e9rcoles en Chaco TV que la planta a instalarse en Pampa del Infierno podr\u00eda comenzar a funcionar a partir de 2024 en su primer tramo. Esta obra representa un gran avance en la provisi\u00f3n energ\u00e9tica para todo el Chaco y la regi\u00f3n.<br \/>\n\u201cEste parque solar est\u00e1 previsto para 2024 entrar\u00eda en funcionamiento su primera etapa\u201d, anticip\u00f3 el funcionario, y explic\u00f3 que  \u201cel Parque Fotovolt\u00e1ico en Pampa del Infierno va a ser en dos etapas: la primera de 100 megas, y la \u00faltima a 30 megas m\u00e1s\u201d.<br \/>\nEl parque solar se encuentra ubicado en un predio de 320 hect\u00e1reas sobre la Ruta Nacional 16, al oeste de la localidad. Su ejecuci\u00f3n inici\u00f3 en junio pasado y se prev\u00e9 un tiempo de construcci\u00f3n de 12 meses con la instalaci\u00f3n de m\u00e1s de 220 mil paneles solares, inversores y centros de transformaci\u00f3n de alt\u00edsima tecnolog\u00eda. Asimismo, durante la obra y el montaje del parque participar\u00e1n m\u00e1s de 300 personas generando empleo local y mayor desarrollo econ\u00f3mico en zonas cercanas. La generaci\u00f3n de energ\u00eda el\u00e9ctrica proyectada ser\u00e1 de m\u00e1s de 295.000 megawatts\/hora al a\u00f1o, que ser\u00e1n inyectados al sistema interconectado provincial y nacional. El nuevo parque permitir\u00e1 abastecer, en su pico m\u00e1ximo de producci\u00f3n, a 310 mil hogares de Chaco y el pa\u00eds, generando a su vez una reducci\u00f3n de di\u00f3xido de carbono de casi 145 mil toneladas anuales.<br \/>\n\u201cEsto se da producto del programa que lanz\u00f3 la Secretar\u00eda de Energ\u00eda de Naci\u00f3n, donde m\u00e1s que nada su busca la comercializaci\u00f3n de energ\u00eda con mercado a t\u00e9rmino, lo que significa que siempre hay un productor de energ\u00eda que la comercializa y, del otro lado, alguien que la quiere comprar en parte de materia energ\u00e9tica como consumo\u201d, explic\u00f3.<br \/>\nEl Parque Solar Pampa del Infierno forma parte de un ambicioso plan de inversiones de Energ\u00edas Renovables de la empresa Las Lomas en la provincia de Chaco, constituy\u00e9ndose de este modo en uno de los principales generadores fotovoltaicos a nivel nacional. La ejecuci\u00f3n del proyecto permitir\u00e1 seguir aumentando la penetraci\u00f3n de energ\u00eda verde en el suministro el\u00e9ctrico del sector industrial privado de la provincia.<\/p>\n<p><<a href=\"http:\/\/www.avg.com\/email-signature?utm_medium=email&#038;utm_source=link&#038;utm_campaign=sig-email&#038;utm_content=webmail\">www.avg.com\/email-signature?utm_medium=email&amp;utm_source=link&amp;utm_campaign=sig-email&amp;utm_content=webmail<\/a>> Libre de virus.www.avg.com <<a href=\"http:\/\/www.avg.com\/email-signature?utm_medium=email&#038;utm_source=link&#038;utm_campaign=sig-email&#038;utm_content=webmail\">www.avg.com\/email-signature?utm_medium=email&amp;utm_source=link&amp;utm_campaign=sig-email&amp;utm_content=webmail<\/a>> <#DAB4FAD8-2DD7-40BB-A1B8-4E2AA1F9FDF2><\/div>\n","protected":false},"excerpt":{"rendered":"<p>Ubicado en Pampa del Infierno, ser\u00e1 el tercero m\u00e1s grande del pa\u00eds con una potencia instalada de 150 megavatios y 220.000 paneles solares, adem\u00e1s brindar\u00e1 trabajo local para m\u00e1s de 300 personas. El ingeniero Gabriel Boczar, jefe del Departamento de Energ\u00edas Renovables que depende de la Subsecretar\u00eda de Energ\u00eda de la provincia, adelant\u00f3 este mi\u00e9rcoles [&hellip;]<\/p>\n","protected":false},"author":1,"featured_media":25633,"comment_status":"closed","ping_status":"closed","sticky":false,"template":"","format":"standard","meta":{"footnotes":""},"categories":[6],"tags":[],"class_list":{"0":"post-25632","1":"post","2":"type-post","3":"status-publish","4":"format-standard","5":"has-post-thumbnail","7":"category-chaco"},"_links":{"self":[{"href":"https:\/\/chacosintesis.com.ar\/index.php\/wp-json\/wp\/v2\/posts\/25632","targetHints":{"allow":["GET"]}}],"collection":[{"href":"https:\/\/chacosintesis.com.ar\/index.php\/wp-json\/wp\/v2\/posts"}],"about":[{"href":"https:\/\/chacosintesis.com.ar\/index.php\/wp-json\/wp\/v2\/types\/post"}],"author":[{"embeddable":true,"href":"https:\/\/chacosintesis.com.ar\/index.php\/wp-json\/wp\/v2\/users\/1"}],"replies":[{"embeddable":true,"href":"https:\/\/chacosintesis.com.ar\/index.php\/wp-json\/wp\/v2\/comments?post=25632"}],"version-history":[{"count":0,"href":"https:\/\/chacosintesis.com.ar\/index.php\/wp-json\/wp\/v2\/posts\/25632\/revisions"}],"wp:featuredmedia":[{"embeddable":true,"href":"https:\/\/chacosintesis.com.ar\/index.php\/wp-json\/wp\/v2\/media\/25633"}],"wp:attachment":[{"href":"https:\/\/chacosintesis.com.ar\/index.php\/wp-json\/wp\/v2\/media?parent=25632"}],"wp:term":[{"taxonomy":"category","embeddable":true,"href":"https:\/\/chacosintesis.com.ar\/index.php\/wp-json\/wp\/v2\/categories?post=25632"},{"taxonomy":"post_tag","embeddable":true,"href":"https:\/\/chacosintesis.com.ar\/index.php\/wp-json\/wp\/v2\/tags?post=25632"}],"curies":[{"name":"wp","href":"https:\/\/api.w.org\/{rel}","templated":true}]}}