{"id":25628,"date":"2023-08-23T17:25:11","date_gmt":"2023-08-23T20:25:11","guid":{"rendered":"https:\/\/chacosintesis.com.ar\/?p=25628"},"modified":"2023-08-23T17:37:24","modified_gmt":"2023-08-23T20:37:24","slug":"inauguraron-el-nuevo-edificio-en-el-que-funcionara-el-centro-terapeutico-la-libertad","status":"publish","type":"post","link":"https:\/\/chacosintesis.com.ar\/index.php\/inauguraron-el-nuevo-edificio-en-el-que-funcionara-el-centro-terapeutico-la-libertad\/","title":{"rendered":"Inauguraron el nuevo edificio en el que funcionar\u00e1 el Centro Terap\u00e9utico \u201cLa Libertad\u201d"},"content":{"rendered":"<div class=\"postie-post\">El espacio estar\u00e1 destinado para el tratamiento y rehabilitaci\u00f3n de consumos problem\u00e1ticos en la provincia.<br \/>\nEste mi\u00e9rcoles, el gobernador Jorge Capitanich inaugur\u00f3 la Casa de Convivencia y Consumo Problem\u00e1tico en la ciudad de Resistencia, una obra que fue financiada por Gobierno Provincial con una inversi\u00f3n de m\u00e1s de $134 millones para otorgar el nuevo edificio destinado para la rehabilitaci\u00f3n de personas en el cual funcionar\u00e1 la Casa de Residencia de La Libertad. Junto al gobernador particip\u00f3 el ministro Santiago P\u00e9rez Pons y la ministra Mar\u00eda P\u00eda Chiacchio Cavanna.<br \/>\nLa obra tiene como objetivo la atenci\u00f3n, tratamiento, rehabilitaci\u00f3n y reinserci\u00f3n de los usuarios en la sociedad. Cuenta con dos modalidades: ambulatoria y residencial. Contiene actividades como laborterapia (manualidades, artesan\u00edas), musicoterapia, arteterapia, talleres de cocina, actividad f\u00edsica, yoga y un espacio de huerta para contribuir a una mejor adaptaci\u00f3n del individuo a la instituci\u00f3n y luego aplicar los saberes aprendidos.<br \/>\nEl presidente de La Libertad, Santiago Orbez, habl\u00f3 con Chaco TV y cont\u00f3 que en la instituci\u00f3n \u201clos j\u00f3venes vienen a vivir con nosotros durante un per\u00edodo de tiempo en el que logran su rehabilitaci\u00f3n\u201d, y explic\u00f3 que para cada usuario \u201csu cotidianidad empieza a la 7 de la ma\u00f1ana, tienen 21 grupos terap\u00e9uticos semanales donde trabajan diferentes aspectos de la problem\u00e1tica, talleres did\u00e1cticos (de educaci\u00f3n f\u00edsica, de yoga, carpinter\u00eda), van trabajando, y adem\u00e1s de eso, tienen espacios de labor-terapia\u201d.<br \/>\n\u201cLas patolog\u00edas mentales necesitan un orden, entonces vamos mucho con el orden de los j\u00f3venes, el acostumbramiento al trabajo, diferentes actividades que los ayuden a mantenerse en el aqu\u00ed y ahora\u201d, se\u00f1al\u00f3. El equipo terap\u00e9utico de La Libertad se compone por 40 personas y un staff profesional de psic\u00f3logos, m\u00e9dicos psiquiatras, operadores socio-terap\u00e9uticos, entre otros.<\/p>\n<p><<a href=\"http:\/\/www.avg.com\/email-signature?utm_medium=email&#038;utm_source=link&#038;utm_campaign=sig-email&#038;utm_content=webmail\">www.avg.com\/email-signature?utm_medium=email&amp;utm_source=link&amp;utm_campaign=sig-email&amp;utm_content=webmail<\/a>> Libre de virus.www.avg.com <<a href=\"http:\/\/www.avg.com\/email-signature?utm_medium=email&#038;utm_source=link&#038;utm_campaign=sig-email&#038;utm_content=webmail\">www.avg.com\/email-signature?utm_medium=email&amp;utm_source=link&amp;utm_campaign=sig-email&amp;utm_content=webmail<\/a>> <#DAB4FAD8-2DD7-40BB-A1B8-4E2AA1F9FDF2><\/div>\n","protected":false},"excerpt":{"rendered":"<p>El espacio estar\u00e1 destinado para el tratamiento y rehabilitaci\u00f3n de consumos problem\u00e1ticos en la provincia. Este mi\u00e9rcoles, el gobernador Jorge Capitanich inaugur\u00f3 la Casa de Convivencia y Consumo Problem\u00e1tico en la ciudad de Resistencia, una obra que fue financiada por Gobierno Provincial con una inversi\u00f3n de m\u00e1s de $134 millones para otorgar el nuevo edificio [&hellip;]<\/p>\n","protected":false},"author":1,"featured_media":25629,"comment_status":"closed","ping_status":"closed","sticky":false,"template":"","format":"standard","meta":{"footnotes":""},"categories":[6],"tags":[],"class_list":{"0":"post-25628","1":"post","2":"type-post","3":"status-publish","4":"format-standard","5":"has-post-thumbnail","7":"category-chaco"},"_links":{"self":[{"href":"https:\/\/chacosintesis.com.ar\/index.php\/wp-json\/wp\/v2\/posts\/25628","targetHints":{"allow":["GET"]}}],"collection":[{"href":"https:\/\/chacosintesis.com.ar\/index.php\/wp-json\/wp\/v2\/posts"}],"about":[{"href":"https:\/\/chacosintesis.com.ar\/index.php\/wp-json\/wp\/v2\/types\/post"}],"author":[{"embeddable":true,"href":"https:\/\/chacosintesis.com.ar\/index.php\/wp-json\/wp\/v2\/users\/1"}],"replies":[{"embeddable":true,"href":"https:\/\/chacosintesis.com.ar\/index.php\/wp-json\/wp\/v2\/comments?post=25628"}],"version-history":[{"count":0,"href":"https:\/\/chacosintesis.com.ar\/index.php\/wp-json\/wp\/v2\/posts\/25628\/revisions"}],"wp:featuredmedia":[{"embeddable":true,"href":"https:\/\/chacosintesis.com.ar\/index.php\/wp-json\/wp\/v2\/media\/25629"}],"wp:attachment":[{"href":"https:\/\/chacosintesis.com.ar\/index.php\/wp-json\/wp\/v2\/media?parent=25628"}],"wp:term":[{"taxonomy":"category","embeddable":true,"href":"https:\/\/chacosintesis.com.ar\/index.php\/wp-json\/wp\/v2\/categories?post=25628"},{"taxonomy":"post_tag","embeddable":true,"href":"https:\/\/chacosintesis.com.ar\/index.php\/wp-json\/wp\/v2\/tags?post=25628"}],"curies":[{"name":"wp","href":"https:\/\/api.w.org\/{rel}","templated":true}]}}