{"id":25624,"date":"2023-08-23T17:22:27","date_gmt":"2023-08-23T20:22:27","guid":{"rendered":"https:\/\/chacosintesis.com.ar\/?p=25624"},"modified":"2023-08-23T17:37:14","modified_gmt":"2023-08-23T20:37:14","slug":"se-presento-el-tercer-foro-latinoamericano-de-educacion-tttnb-travestis-trans-transexuales-no-binarie-que-se-realizara-en-el-chaco","status":"publish","type":"post","link":"https:\/\/chacosintesis.com.ar\/index.php\/se-presento-el-tercer-foro-latinoamericano-de-educacion-tttnb-travestis-trans-transexuales-no-binarie-que-se-realizara-en-el-chaco\/","title":{"rendered":"Se present\u00f3 el Tercer Foro Latinoamericano de Educaci\u00f3n TTTNB (Travestis, Trans, Transexuales, No Binarie) que se realizar\u00e1 en el Chaco"},"content":{"rendered":"<div class=\"postie-post\">El Foro Latinoamericano de Educaci\u00f3n TTTNB  ser\u00e1 un encuentro  para dialogar sobre la educaci\u00f3n y repensar desde las pedagog\u00edas transfeministas con perspectiva de garant\u00eda de derechos para las personas travestis, trans, transexuales y no binarias. Las jornadas ser\u00e1n en el Aula Magna de la Universidad Nacional del Nordeste y  en la Escuela Mariano Ferreyra.<br \/>\nLa vicegobernadora Anal\u00eda Rach Quiroga junto a la secretaria de Derechos Humanos y G\u00e9nero, Silvana P\u00e9rez y la directora de Diversidad y Disidencias, \u00darsula Sabarece realizaron este mi\u00e9rcoles el lanzamiento del Tercer Foro Latinoamericano de Educaci\u00f3n TTTNB (Travestis, Trans, Transexuales, No Binarie) que se realizar\u00e1 en la provincia del Chaco  durante los d\u00edas 22 y 23 de septiembre.<br \/>\nLa primera jornada se llevar\u00e1 adelante en el Aula Magna de la Universidad Nacional del Nordeste (Av. Las Heras 727, Resistencia Chaco) y el segundo d\u00eda en la Escuela Mariano Ferreyra . Durante estas dos jornadas, y a trav\u00e9s de distintos talleres, se abordar\u00e1n temas relativos tanto al hacer docente y las metodolog\u00edas de ense\u00f1anza como a la gesti\u00f3n educativa.<br \/>\nEl Foro Latinoamericano de Educaci\u00f3n TTTNB apunta a partir de intercambios y reflexiones y propuestas elaboradas por instituciones, espacios, docentes y estudiantes, para mejorar y crear herramientas que abonen a la construcci\u00f3n colectiva de espacios educativos que abracen y contengan la perspectiva de g\u00e9neros y diversidad sexual.<br \/>\nLa secretaria de Derechos Humanos y G\u00e9nero de la Provincia, Silvana P\u00e9rez destac\u00f3 la importancia de las pol\u00edticas p\u00fablicas con enfoque de g\u00e9nero y diversidad, reconociendo el papel de las compa\u00f1eras travesti, trans y activistas en la conformaci\u00f3n de las pol\u00edticas p\u00fablicas.<br \/>\nEn este contexto marc\u00f3 la necesidad de una participaci\u00f3n pol\u00edtica y estatal para lograr la transformaci\u00f3n y la defensa de los derechos en t\u00e9rminos de custodia, inclusi\u00f3n y respeto.<br \/>\nEn este contexto, se\u00f1al\u00f3 Perez, que es importante   plantear las discusiones para construir una inclusi\u00f3n m\u00e1s profunda en el sistema educativo, considerando las situaciones de la poblaci\u00f3n LGTBIQ+. \u201cCuando nos planteamos c\u00f3mo lograr esta inclusi\u00f3n, tanto para docentes como para estudiantes, se produce un cambio en el mundo de la educaci\u00f3n, en el curr\u00edculo y en nuestro entorno. Los proyectos que promueven derechos son proyectos que cambian el mundo para todas las personas, lejos de ser discusiones excluyentes. Son discusiones que transforman el conjunto, incluyendo a todas las personas\u201d, dijo la funcionaria.<br \/>\nEn esta l\u00ednea destac\u00f3 la importancia de la realizaci\u00f3n de este 3er Foro Latinoamericano de Educaci\u00f3n TTTNB en la provincia del Chaco. \u201dEste foro tiene una mirada latinoamericanista arraigada en nuestras realidades, con un enfoque en los derechos humanos, g\u00e9nero y feminismo transfeminista.  Y que busca aportar a una transformaci\u00f3n completa y colectiva a la sociedad y la educaci\u00f3n, otorgando los derechos civiles y pol\u00edticos que han sido negados y robados durante mucho tiempo\u201d, dijo Silvana Perez.<br \/>\nPor su parte, Francisco Qui\u00f1ones, presidente de la Asociaci\u00f3n Civil \u201cMocha Celis\u201d y del Bachillerato Popular Travesti Trans, enfatiz\u00f3 la importancia de garantizar el acceso a la educaci\u00f3n como un derecho fundamental para la inclusi\u00f3n y la participaci\u00f3n democr\u00e1tica.<br \/>\nEn este sentido marc\u00f3 la necesidad de federalizar y regionalizar este derecho fundamental. Coment\u00f3 sobre el trabajo realizado por el Bachillerato Travesti Trans Mocha Celis y la importancia de colaborar con otros espacios educativos para garantizar el acceso a la educaci\u00f3n secundaria.<br \/>\nEn tanto, Ursula Sabarece, directora del \u00e1rea de Diversidad y Disidencias, dijo : \u201cNuestros  cuerpos tienen memoria y nuestra memoria a veces es construida desde ese lugar, desde una educaci\u00f3n con inclusi\u00f3n, una educaci\u00f3n integral, una educaci\u00f3n con perspectiva, una educaci\u00f3n donde podamos entendernos y comprendernos entre todos y todas y todes lo que somos como humanidad y como poblaci\u00f3n\u201d.<\/p>\n<p>Detalles del Foro Latinoamericano<\/p>\n<p>La edici\u00f3n 2023 de este Foro, es organizada en articulaci\u00f3n entre el Bachillerato Popular \u201cMocha Celis\u201d y la Direcci\u00f3n de Diversidad, Disidencia Sexual e Identidad de G\u00e9nero, dependiente de la Secretar\u00eda de Derechos Humanos y G\u00e9neros del gobierno del Chaco.  Tendr\u00e1 lugar en la ciudad de Resistencia Chaco durante los d\u00edas 22 y 23 de septiembre.<br \/>\nEste encuentro es totalmente gratuito y est\u00e1 destinado a docentes, instituciones de Educaci\u00f3n Travesti-Trans No Binarias, organizaciones de la diversidad, estudiantes y p\u00fablico en general de todo el pa\u00eds.<br \/>\nLa primera jornada se llevar\u00e1 adelante en el Aula Magna de la Universidad Nacional del Nordeste (Av. Las Heras 727, Resistencia Chaco) y el segundo d\u00eda en la Escuela Mariano Ferreyra de Resistencia.<br \/>\nPodr\u00e1n inscribirse de manera gratuita en <a href=\"https:\/\/bit.ly\/Inscripci\">bit.ly\/Inscripci<\/a>\u00f3nForoTTTNB<br \/>\nEl Foro Latinoamericano de Educaci\u00f3n TTTNB; es un encuentro dise\u00f1ado para dialogar sobre la educaci\u00f3n y repensarla desde las pedagog\u00edas transfeministas con perspectiva de garant\u00eda de derechos para las personas travestis, trans, transexuales y no binarias.<br \/>\nEsta iniciativa, creada por el Bachillerato Popular Travesti Trans \u201cMocha Celis\u201d nace por primera vez en el a\u00f1o 2018 a partir de un Encuentro de Docentes Travesti-Trans que tuvo como objetivos poner en valor las estrategias de existencia travesti-trans dentro del sistema educativo; generar aportes para una escuela no excluyente, que abrace a las infancias y adolescencias trans y las impulse a seguir sus estudios desde la ESI, en tanto herramienta integral. Este primer encuentro se realiz\u00f3 en la Mutual Sentimiento, sede del Bachillerato Popular Mocha Celis, con alrededor de 40 docentes de las provincias de Salta, Chaco, Entre R\u00edos, Santa Fe, Santiago del Estero, C\u00f3rdoba, Neuqu\u00e9n, R\u00edo Negro, Buenos Aires y la Ciudad Aut\u00f3noma de Buenos Aires.<br \/>\nEn el a\u00f1o 2021, esta misma instituci\u00f3n realiz\u00f3 el Primer Encuentro federal de educaci\u00f3n travesti-trans, con la participaci\u00f3n de m\u00e1s de 1000 personas vinculadas a espacios de Educaci\u00f3n Travesti-Trans No Binaria, como as\u00ed tambi\u00e9n docentes y alumnxs.<br \/>\n<<a href=\"http:\/\/www.avg.com\/email-signature?utm_medium=email&#038;utm_source=link&#038;utm_campaign=sig-email&#038;utm_content=webmail\">www.avg.com\/email-signature?utm_medium=email&amp;utm_source=link&amp;utm_campaign=sig-email&amp;utm_content=webmail<\/a>> Libre de virus.www.avg.com <<a href=\"http:\/\/www.avg.com\/email-signature?utm_medium=email&#038;utm_source=link&#038;utm_campaign=sig-email&#038;utm_content=webmail\">www.avg.com\/email-signature?utm_medium=email&amp;utm_source=link&amp;utm_campaign=sig-email&amp;utm_content=webmail<\/a>> <#DAB4FAD8-2DD7-40BB-A1B8-4E2AA1F9FDF2><\/div>\n","protected":false},"excerpt":{"rendered":"<p>El Foro Latinoamericano de Educaci\u00f3n TTTNB ser\u00e1 un encuentro para dialogar sobre la educaci\u00f3n y repensar desde las pedagog\u00edas transfeministas con perspectiva de garant\u00eda de derechos para las personas travestis, trans, transexuales y no binarias. Las jornadas ser\u00e1n en el Aula Magna de la Universidad Nacional del Nordeste y en la Escuela Mariano Ferreyra. La [&hellip;]<\/p>\n","protected":false},"author":1,"featured_media":25625,"comment_status":"closed","ping_status":"closed","sticky":false,"template":"","format":"standard","meta":{"footnotes":""},"categories":[6],"tags":[],"class_list":{"0":"post-25624","1":"post","2":"type-post","3":"status-publish","4":"format-standard","5":"has-post-thumbnail","7":"category-chaco"},"_links":{"self":[{"href":"https:\/\/chacosintesis.com.ar\/index.php\/wp-json\/wp\/v2\/posts\/25624","targetHints":{"allow":["GET"]}}],"collection":[{"href":"https:\/\/chacosintesis.com.ar\/index.php\/wp-json\/wp\/v2\/posts"}],"about":[{"href":"https:\/\/chacosintesis.com.ar\/index.php\/wp-json\/wp\/v2\/types\/post"}],"author":[{"embeddable":true,"href":"https:\/\/chacosintesis.com.ar\/index.php\/wp-json\/wp\/v2\/users\/1"}],"replies":[{"embeddable":true,"href":"https:\/\/chacosintesis.com.ar\/index.php\/wp-json\/wp\/v2\/comments?post=25624"}],"version-history":[{"count":0,"href":"https:\/\/chacosintesis.com.ar\/index.php\/wp-json\/wp\/v2\/posts\/25624\/revisions"}],"wp:featuredmedia":[{"embeddable":true,"href":"https:\/\/chacosintesis.com.ar\/index.php\/wp-json\/wp\/v2\/media\/25625"}],"wp:attachment":[{"href":"https:\/\/chacosintesis.com.ar\/index.php\/wp-json\/wp\/v2\/media?parent=25624"}],"wp:term":[{"taxonomy":"category","embeddable":true,"href":"https:\/\/chacosintesis.com.ar\/index.php\/wp-json\/wp\/v2\/categories?post=25624"},{"taxonomy":"post_tag","embeddable":true,"href":"https:\/\/chacosintesis.com.ar\/index.php\/wp-json\/wp\/v2\/tags?post=25624"}],"curies":[{"name":"wp","href":"https:\/\/api.w.org\/{rel}","templated":true}]}}