{"id":25622,"date":"2023-08-23T17:19:55","date_gmt":"2023-08-23T20:19:55","guid":{"rendered":"https:\/\/chacosintesis.com.ar\/?p=25622"},"modified":"2023-08-23T17:37:09","modified_gmt":"2023-08-23T20:37:09","slug":"vecinos-y-vecinas-de-resistencia-acercaron-a-capitanich-su-agenda-prioritaria-en-materia-de-infraestructura-y-seguridad","status":"publish","type":"post","link":"https:\/\/chacosintesis.com.ar\/index.php\/vecinos-y-vecinas-de-resistencia-acercaron-a-capitanich-su-agenda-prioritaria-en-materia-de-infraestructura-y-seguridad\/","title":{"rendered":"Vecinos y vecinas de Resistencia acercaron a Capitanich su agenda prioritaria en materia de infraestructura y seguridad"},"content":{"rendered":"<div class=\"postie-post\">El mandatario se reuni\u00f3 con las comunidades de los barrios Vial, Juan de Garay, San Javier, 300 Viviendas y Barber\u00e1n. El gobernador Jorge Capitanich mantuvo este martes nuevas reuniones con vecinas y vecinos de los barrios Vial, Juan de Garay, San Javier, 300 Viviendas y Barber\u00e1n de Resistencia, para trabajar en una agenda de propuestas que tienen su origen en las sugerencias presentadas por la comunidad. Las m\u00e1s importantes fueron en materia de seguridad, pavimentaci\u00f3n y obras de infraestructura. \u201cEn los barrios es necesario reforzar la iluminaci\u00f3n, mejorar las calles, los desag\u00fces y aumentar la circulaci\u00f3n de patrulleros para mayor seguridad. Me llevo tambi\u00e9n los informes y pedidos que me entregaron para ponernos en marcha y arrancar las obras\u201d, destac\u00f3 el mandatario. Acompa\u00f1ado por la ministra de Desarrollo Social, Mar\u00eda P\u00eda Chiacchio Cavana, Capitanich recorri\u00f3 distintos puntos de las barriadas, realizando diversas entrevistas para conseguir mayores precisiones en las necesidades de dichas familias. As\u00ed, agradeci\u00f3 la voluntad y la participaci\u00f3n activa de los ciudadanos para la creaci\u00f3n de mejores y m\u00e1s eficientes pol\u00edticas p\u00fablicas. La primera asamblea se realiz\u00f3 en la Capilla \u201cJes\u00fas Pan de Vida\u201d, donde el pedido m\u00e1s solicitado fue la de una agenda de seguridad p\u00fablica, a lo que Capitanich remarc\u00f3 su \u201ccompleta predisposici\u00f3n para invertir los recursos que sean necesarios\u201d a ese fin. De este punto se desprende la solicitud de contar con garitas policiales y sobre todo de mayor iluminaci\u00f3n p\u00fablica, que se sum\u00f3 al segundo pedido generalizado: cuadras de pavimento. En ese contexto, el jefe del Ejecutivo chaque\u00f1o realiz\u00f3 un repaso de calidad de gesti\u00f3n, destacando que en lo que va de su etapa como gobernador se inauguraron 2.200 cuadras de pavimento, m\u00e1s otras 750 realizadas en su rol de intendente. A su vez, precis\u00f3 a los presentes las obras que se planifican a futuro en la zona, buscando as\u00ed cerrar el circuito completo de dichos barrios. Seguidamente, Capitanich celebr\u00f3 otra reuni\u00f3n, esta vez en una vivienda particular del barrio Juan de Garay, donde recibi\u00f3 pedidos puntuales acerca de los desag\u00fces pluviales y tambi\u00e9n de pavimento y ripio. \u201cEs muy importante tener un Estado presente que llegue a cada barrio, a cada rinc\u00f3n y solucione los problemas\u201d, expres\u00f3 el gobernador. Por su parte, el vecino y tambi\u00e9n presidente del foro de Seguridad de la Jurisdicci\u00f3n 4ta-Zona Este, Fabi\u00e1n Del Campo, remarc\u00f3 la importancia de esta escucha activa que viene realizando el mandatario en distintas zonas de la provincia y afirm\u00f3 que \u201cestamos muy contentos de que un gobernador baje a estar con nosotros, para poder llevarse nuestros pedidos de primera mano\u201d. Por su parte, el referente Tomas Torres, destac\u00f3 especialmente la concreci\u00f3n de varias cuadras de pavimento en la zona y las mejoras que eso conlleva. Adem\u00e1s, manifest\u00f3 que \u201cvarios de los problemas que planteamos son competencia del Municipio de la ciudad, pero el gobernador se acerca para poder darnos una soluci\u00f3n\u201d. Estuvieron presentes durante la recorrida la diputada provincial Teresa Cubells; los representantes de Vialidad Provincial, Carlos Navarro, y de Secheep, Germ\u00e1n Gonz\u00e1lez; y Mirta Morel.<br \/>\n<<a href=\"http:\/\/www.avg.com\/email-signature?utm_medium=email&#038;utm_source=link&#038;utm_campaign=sig-email&#038;utm_content=webmail\">www.avg.com\/email-signature?utm_medium=email&amp;utm_source=link&amp;utm_campaign=sig-email&amp;utm_content=webmail<\/a>> Libre de virus.www.avg.com <<a href=\"http:\/\/www.avg.com\/email-signature?utm_medium=email&#038;utm_source=link&#038;utm_campaign=sig-email&#038;utm_content=webmail\">www.avg.com\/email-signature?utm_medium=email&amp;utm_source=link&amp;utm_campaign=sig-email&amp;utm_content=webmail<\/a>> <#DAB4FAD8-2DD7-40BB-A1B8-4E2AA1F9FDF2><\/div>\n","protected":false},"excerpt":{"rendered":"<p>El mandatario se reuni\u00f3 con las comunidades de los barrios Vial, Juan de Garay, San Javier, 300 Viviendas y Barber\u00e1n. El gobernador Jorge Capitanich mantuvo este martes nuevas reuniones con vecinas y vecinos de los barrios Vial, Juan de Garay, San Javier, 300 Viviendas y Barber\u00e1n de Resistencia, para trabajar en una agenda de propuestas [&hellip;]<\/p>\n","protected":false},"author":1,"featured_media":25623,"comment_status":"closed","ping_status":"closed","sticky":false,"template":"","format":"standard","meta":{"footnotes":""},"categories":[6],"tags":[],"class_list":{"0":"post-25622","1":"post","2":"type-post","3":"status-publish","4":"format-standard","5":"has-post-thumbnail","7":"category-chaco"},"_links":{"self":[{"href":"https:\/\/chacosintesis.com.ar\/index.php\/wp-json\/wp\/v2\/posts\/25622","targetHints":{"allow":["GET"]}}],"collection":[{"href":"https:\/\/chacosintesis.com.ar\/index.php\/wp-json\/wp\/v2\/posts"}],"about":[{"href":"https:\/\/chacosintesis.com.ar\/index.php\/wp-json\/wp\/v2\/types\/post"}],"author":[{"embeddable":true,"href":"https:\/\/chacosintesis.com.ar\/index.php\/wp-json\/wp\/v2\/users\/1"}],"replies":[{"embeddable":true,"href":"https:\/\/chacosintesis.com.ar\/index.php\/wp-json\/wp\/v2\/comments?post=25622"}],"version-history":[{"count":0,"href":"https:\/\/chacosintesis.com.ar\/index.php\/wp-json\/wp\/v2\/posts\/25622\/revisions"}],"wp:featuredmedia":[{"embeddable":true,"href":"https:\/\/chacosintesis.com.ar\/index.php\/wp-json\/wp\/v2\/media\/25623"}],"wp:attachment":[{"href":"https:\/\/chacosintesis.com.ar\/index.php\/wp-json\/wp\/v2\/media?parent=25622"}],"wp:term":[{"taxonomy":"category","embeddable":true,"href":"https:\/\/chacosintesis.com.ar\/index.php\/wp-json\/wp\/v2\/categories?post=25622"},{"taxonomy":"post_tag","embeddable":true,"href":"https:\/\/chacosintesis.com.ar\/index.php\/wp-json\/wp\/v2\/tags?post=25622"}],"curies":[{"name":"wp","href":"https:\/\/api.w.org\/{rel}","templated":true}]}}