{"id":25591,"date":"2023-08-21T23:54:12","date_gmt":"2023-08-22T02:54:12","guid":{"rendered":"https:\/\/chacosintesis.com.ar\/?p=25591"},"modified":"2023-08-22T00:07:38","modified_gmt":"2023-08-22T03:07:38","slug":"continuan-los-relevamientos-territoriales-en-resistencia","status":"publish","type":"post","link":"https:\/\/chacosintesis.com.ar\/index.php\/continuan-los-relevamientos-territoriales-en-resistencia\/","title":{"rendered":"Contin\u00faan los relevamientos territoriales en Resistencia"},"content":{"rendered":"<div class=\"postie-post\">El Ministerio de Ambiente y Desarrollo Territorial Sostenible realiza intervenciones en aspectos ambientales, educativos, demogr\u00e1ficos, econ\u00f3micos, sanitarios y culturales. Las \u00faltimas actividades realizadas fueron en el barrio 6 de Septiembre.<br \/>\nEn el marco de las m\u00faltiples intervenciones a lo largo y ancho de la provincia, el equipo territorial del Ministerio de Ambiente y Desarrollo Territorial Sostenible realiz\u00f3 trabajos de relevamiento en el barrio 6 de Septiembre en la zona sur de Resistencia, donde ya se efectuaron intervenciones similares.<br \/>\n\u201cEl objetivo de estas acciones es conocer las condiciones de vida, las problem\u00e1ticas y las potencialidades de los habitantes del barrio, as\u00ed como las organizaciones e instituciones que trabajan en el territorio\u201d, remarc\u00f3 la ministra de Ambiente y Desarrollo Territorial Sostenible, Marta Soneira.<br \/>\nEl alcance del relevamiento territorial abarc\u00f3 los aspectos demogr\u00e1ficos, econ\u00f3micos, educativos, sanitarios, culturales y ambientales del barrio.<br \/>\n\u201cPudimos obtener un diagn\u00f3stico socioambiental de la zona, algo similar a lo que venimos llevando adelante en toda la provincia que sin dudas brindan una mejor calidad de vida a las familias chaque\u00f1as, adem\u00e1s de adquirir derechos&#8221;, finaliz\u00f3 la ministra Soneira.<\/div>\n","protected":false},"excerpt":{"rendered":"<p>El Ministerio de Ambiente y Desarrollo Territorial Sostenible realiza intervenciones en aspectos ambientales, educativos, demogr\u00e1ficos, econ\u00f3micos, sanitarios y culturales. Las \u00faltimas actividades realizadas fueron en el barrio 6 de Septiembre. En el marco de las m\u00faltiples intervenciones a lo largo y ancho de la provincia, el equipo territorial del Ministerio de Ambiente y Desarrollo Territorial [&hellip;]<\/p>\n","protected":false},"author":1,"featured_media":25592,"comment_status":"closed","ping_status":"closed","sticky":false,"template":"","format":"standard","meta":{"footnotes":""},"categories":[6],"tags":[],"class_list":{"0":"post-25591","1":"post","2":"type-post","3":"status-publish","4":"format-standard","5":"has-post-thumbnail","7":"category-chaco"},"_links":{"self":[{"href":"https:\/\/chacosintesis.com.ar\/index.php\/wp-json\/wp\/v2\/posts\/25591","targetHints":{"allow":["GET"]}}],"collection":[{"href":"https:\/\/chacosintesis.com.ar\/index.php\/wp-json\/wp\/v2\/posts"}],"about":[{"href":"https:\/\/chacosintesis.com.ar\/index.php\/wp-json\/wp\/v2\/types\/post"}],"author":[{"embeddable":true,"href":"https:\/\/chacosintesis.com.ar\/index.php\/wp-json\/wp\/v2\/users\/1"}],"replies":[{"embeddable":true,"href":"https:\/\/chacosintesis.com.ar\/index.php\/wp-json\/wp\/v2\/comments?post=25591"}],"version-history":[{"count":0,"href":"https:\/\/chacosintesis.com.ar\/index.php\/wp-json\/wp\/v2\/posts\/25591\/revisions"}],"wp:featuredmedia":[{"embeddable":true,"href":"https:\/\/chacosintesis.com.ar\/index.php\/wp-json\/wp\/v2\/media\/25592"}],"wp:attachment":[{"href":"https:\/\/chacosintesis.com.ar\/index.php\/wp-json\/wp\/v2\/media?parent=25591"}],"wp:term":[{"taxonomy":"category","embeddable":true,"href":"https:\/\/chacosintesis.com.ar\/index.php\/wp-json\/wp\/v2\/categories?post=25591"},{"taxonomy":"post_tag","embeddable":true,"href":"https:\/\/chacosintesis.com.ar\/index.php\/wp-json\/wp\/v2\/tags?post=25591"}],"curies":[{"name":"wp","href":"https:\/\/api.w.org\/{rel}","templated":true}]}}