{"id":25587,"date":"2023-08-21T23:48:51","date_gmt":"2023-08-22T02:48:51","guid":{"rendered":"https:\/\/chacosintesis.com.ar\/?p=25587"},"modified":"2023-08-22T00:07:25","modified_gmt":"2023-08-22T03:07:25","slug":"40-anos-de-democracia-y-derechos-humanos-primera-jornada-para-seguir-fortaleciendo-el-sistema","status":"publish","type":"post","link":"https:\/\/chacosintesis.com.ar\/index.php\/40-anos-de-democracia-y-derechos-humanos-primera-jornada-para-seguir-fortaleciendo-el-sistema\/","title":{"rendered":"40 a\u00f1os de democracia y derechos humanos: primera jornada para seguir fortaleciendo el sistema"},"content":{"rendered":"<div class=\"postie-post\">El martes 22 de agosto, organizado por la Defensor\u00eda del Pueblo, se llevar\u00e1 a cabo la actividad,  libre, gratuita y abierta para todo p\u00fablico. Se busca poner en valor la importancia de las cuatro d\u00e9cadas del regreso a la democracia.<br \/>\nEl martes 22 de agosto, de 16.30 a 20, en la Escuela de Negocios de la Universidad del Chaco Austral (ENCA) ubicada en avenida Rivadavia 632, se realizar\u00e1 la primera jornada \u201c40 a\u00f1os de Democracia y Derechos Humanos- Las transformaciones del Derecho\u201d. Contar\u00e1 con la presencia de un panel de expositoras que han generado aportes en estos 40 a\u00f1os de la democracia y los derechos humanos: Alicia Beatriz Alcal\u00e1, Defensora General del Chaco, Silvana P\u00e9rez, Secretaria de Derechos Humanos y G\u00e9nero de la provincia y las abogadas Sonia Cristina Seba y Mar\u00eda Lourdes Polo Budzovsky.<br \/>\n\u201cLos a\u00f1os ininterrumpidos de democracia que transitamos desde 1983 se posicionan como un escenario clave para la reflexi\u00f3n, el debate y el an\u00e1lisis respecto al significado actual que adquieren diversos lugares de la vida pol\u00edtica de la Argentina. Ante la emergencia creciente de discursos que impugnan, banalizan o cuestionen p\u00fablicamente sentidos que parec\u00edan consolidados, creemos que es necesario fortalecer espacios y la construcci\u00f3n de una ciudadan\u00eda cr\u00edtica y democr\u00e1ticamente comprometida\u201d, asegur\u00f3 Bernardo Voloj, Defensor del Pueblo del Chaco.<br \/>\nEl objetivo de dicho encuentro es generar un espacio reflexivo, autocr\u00edtico, que permita poner en valor el significado de los 40 a\u00f1os del retorno de la democracia, desde los derechos humanos conquistados y fortalecidos, al igual que considerar materias pendientes, contemplado desde la mirada de la sociedad hacia el rol de la justicia y la democracia.<br \/>\nSobre el alcance de esta actividad, expres\u00f3 que \u201cPara nosotros los derechos humanos son uno de los pilares del sistema democr\u00e1tico argentino, pero a su vez un constante desaf\u00edo para tener una sociedad m\u00e1s justa e inclusiva. Por eso este espacio de intercambio y reflexi\u00f3n, esta primera jornada, va a tener como objetivo recuperar y compartir proyectos, experiencias, desaf\u00edos de cara a una nueva ruta por una mejor calidad democr\u00e1tica desde la perspectiva de los derechos humanos\u201d.<br \/>\nSe hace extensiva la invitaci\u00f3n a esta propuesta libre y gratuita a toda la comunidad, para seguir fortaleciendo el camino de la democracia.<\/div>\n","protected":false},"excerpt":{"rendered":"<p>El martes 22 de agosto, organizado por la Defensor\u00eda del Pueblo, se llevar\u00e1 a cabo la actividad, libre, gratuita y abierta para todo p\u00fablico. Se busca poner en valor la importancia de las cuatro d\u00e9cadas del regreso a la democracia. El martes 22 de agosto, de 16.30 a 20, en la Escuela de Negocios de [&hellip;]<\/p>\n","protected":false},"author":1,"featured_media":25588,"comment_status":"closed","ping_status":"closed","sticky":false,"template":"","format":"standard","meta":{"footnotes":""},"categories":[6],"tags":[],"class_list":{"0":"post-25587","1":"post","2":"type-post","3":"status-publish","4":"format-standard","5":"has-post-thumbnail","7":"category-chaco"},"_links":{"self":[{"href":"https:\/\/chacosintesis.com.ar\/index.php\/wp-json\/wp\/v2\/posts\/25587","targetHints":{"allow":["GET"]}}],"collection":[{"href":"https:\/\/chacosintesis.com.ar\/index.php\/wp-json\/wp\/v2\/posts"}],"about":[{"href":"https:\/\/chacosintesis.com.ar\/index.php\/wp-json\/wp\/v2\/types\/post"}],"author":[{"embeddable":true,"href":"https:\/\/chacosintesis.com.ar\/index.php\/wp-json\/wp\/v2\/users\/1"}],"replies":[{"embeddable":true,"href":"https:\/\/chacosintesis.com.ar\/index.php\/wp-json\/wp\/v2\/comments?post=25587"}],"version-history":[{"count":0,"href":"https:\/\/chacosintesis.com.ar\/index.php\/wp-json\/wp\/v2\/posts\/25587\/revisions"}],"wp:featuredmedia":[{"embeddable":true,"href":"https:\/\/chacosintesis.com.ar\/index.php\/wp-json\/wp\/v2\/media\/25588"}],"wp:attachment":[{"href":"https:\/\/chacosintesis.com.ar\/index.php\/wp-json\/wp\/v2\/media?parent=25587"}],"wp:term":[{"taxonomy":"category","embeddable":true,"href":"https:\/\/chacosintesis.com.ar\/index.php\/wp-json\/wp\/v2\/categories?post=25587"},{"taxonomy":"post_tag","embeddable":true,"href":"https:\/\/chacosintesis.com.ar\/index.php\/wp-json\/wp\/v2\/tags?post=25587"}],"curies":[{"name":"wp","href":"https:\/\/api.w.org\/{rel}","templated":true}]}}