{"id":25583,"date":"2023-08-21T23:44:45","date_gmt":"2023-08-22T02:44:45","guid":{"rendered":"https:\/\/chacosintesis.com.ar\/?p=25583"},"modified":"2023-08-22T00:07:13","modified_gmt":"2023-08-22T03:07:13","slug":"dos-marcas-chaquenas-en-la-vidriera-internacional-del-festival-de-arte-moda-y-entretenimiento-en-canada","status":"publish","type":"post","link":"https:\/\/chacosintesis.com.ar\/index.php\/dos-marcas-chaquenas-en-la-vidriera-internacional-del-festival-de-arte-moda-y-entretenimiento-en-canada\/","title":{"rendered":"Dos marcas chaque\u00f1as en la vidriera internacional del Festival de Arte, Moda y Entretenimiento en Canad\u00e1"},"content":{"rendered":"<div class=\"postie-post\">Se estima una participaci\u00f3n de m\u00e1s de 550.000 asistentes. Unos 150 sets de artistas, entre ellos Emilia Velazco y Totl\u00b4e, expondr\u00e1n su energ\u00eda, originalidad y creatividad en una de las celebraciones de autoexpresi\u00f3n art\u00edstica m\u00e1s grandes del mundo.<br \/>\nEn su edici\u00f3n n\u00famero 23, el Festival de Arte, Moda y Entretenimiento (M.A.D), que estima una participaci\u00f3n de m\u00e1s de 550.000 asistentes, ser\u00e1 una celebraci\u00f3n con 150 sets de artistas que expondr\u00e1n su energ\u00eda, originalidad y creatividad en una de las celebraciones de autoexpresi\u00f3n art\u00edstica m\u00e1s grandes del mundo. Del 24 al 27 de agosto en Montreal, Canad\u00e1, dos marcas chaque\u00f1as estar\u00e1n presentes: Velsaco y Totl\u00b4e.<br \/>\nLa programaci\u00f3n incluir\u00e1 shows gratuitos, instalaciones art\u00edsticas, performances de danza, exposiciones de 30 dise\u00f1adores y dise\u00f1adoras de moda y m\u00e1s de 50 marcas de ropa en el \u00e1rea pop-up, como parte de las actividades destacadas, con entrada abierta y gratuita para todo p\u00fablico. La participaci\u00f3n argentina de la mano de MICA Internacional ser\u00e1 representada por una comitiva federal de 12 marcas de dise\u00f1o de indumentaria, joyer\u00eda, calzado y accesorios provenientes de Buenos Aires, Chaco, C\u00f3rdoba, Jujuy, Mendoza, Santiago del Estero, Santa Fe, Ciudad de Buenos Aires y Tucum\u00e1n.<br \/>\nEl Festival M.A.D representa una oportunidad para reforzar la innovaci\u00f3n y expresi\u00f3n disruptiva caracter\u00edstica de nuestro pa\u00eds en materia de dise\u00f1o. \u201cLa participaci\u00f3n Argentina en MAD es una oportunidad para abrir canales hacia la realizaci\u00f3n de negocios internacionales. El dise\u00f1o es una actividad transversal y fundamental para una Argentina productiva\u201d, expres\u00f3 Ariela Peretti, directora nacional de Integraci\u00f3n Federal y Cooperaci\u00f3n Internacional del Ministerio de Cultura de la Naci\u00f3n.<br \/>\n\u201cArgentina es un pa\u00eds lleno de talento e innovaci\u00f3n y el dise\u00f1o es un diferencial en la producci\u00f3n de bienes y servicios\u201d, subray\u00f3 Lucrecia Cardoso, secretaria de Desarrollo Cultural del Ministerio de Cultura de la Naci\u00f3n.<br \/>\nLas 12 del pa\u00eds<br \/>\nLas 12 marcas nacionales que participar\u00e1n del M.A.D son:<br \/>\nVelasco &#8211; Indumentaria &#8211; Chaco<br \/>\nChicco Ruiz &#8211; Calzado &#8211; Jujuy<br \/>\nQara &#8211; Accesorios \/ Joyer\u00eda &#8211; Santiago del Estero<br \/>\nMmPascual &#8211; Joyer\u00eda &#8211; Mendoza<br \/>\nP\u00f3lvora &#8211; Indumentaria &#8211; Santa F\u00e9<br \/>\nLuciana Regolo &#8211; Calzado &#8211; Buenos Aires<br \/>\nFruto &#8211; Joyer\u00eda &#8211; C\u00f3rdoba<br \/>\nTotl&#8217;e &#8211; Accesorios &#8211; Chaco<br \/>\nNic\u00e9fora &#8211; Indumentaria &#8211; Tucum\u00e1n<br \/>\nAcento de Autor &#8211; Calzado &#8211; CABA<br \/>\nMarina Massone &#8211; Joyer\u00eda &#8211; Buenos Aires<br \/>\nB L A C K N\u0303 A N D U\u0301 &#8211; Accesorios &#8211; CABA<br \/>\nCadena de valor del algod\u00f3n<br \/>\nVelsaco es una empresa de dise\u00f1o chaque\u00f1a que se nutre del entorno, para el dise\u00f1o y producci\u00f3n de vestimenta en serie y vestuario a medida, rescatando las ra\u00edces y saberes ancestrales. En \u201cVelasco\u201d se dise\u00f1an, producen y comercializan los productos de la marca, de manera conjunta se dictan talleres de transferencia de saberes, donde el pasado se reinventa con la experimentaci\u00f3n de nuevas t\u00e9cnicas dando valor a lo hecho a mano. Un universo de riquezas naturales regionales que se vinculan para trascender y coser dise\u00f1os a un ritmo lento en armon\u00eda con la tierra.<br \/>\nEl emprendimiento Totl\u00b4e surge con la necesidad de crear algo local, que se adec\u00fae a los recursos disponibles de la regi\u00f3n con materiales naturales 100 % biodegradables. Se realizan accesorios de moda libre de t\u00f3xicos, pegamentos y costuras, cada producto se desarrolla con molder\u00eda espec\u00edfica para su correcto plegado y encastre \u00a8tipo origami\u00a8. El dise\u00f1o es el factor fundamental para responder a \u00e9stos requisitos con valor agregado, el mismo ha sido reconocido en el 2021 con el Sello del Buen Dise\u00f1o Argentino y premiado como el mejor dise\u00f1o por Puro Dise\u00f1o.<br \/>\n\u201cEstamos encantados de destacar a Argentina y sus excepcionales creadores este a\u00f1o. Esta colaboraci\u00f3n refleja nuestros valores de diversidad cultural y desarrollo sostenible, al tiempo que abre nuevas perspectivas para los mercados de Quebec e internacionales\u201d, se\u00f1al\u00f3 Chantal Durivage, co-fundadora y vicepresidenta creativa de M.A.D.<br \/>\nCon esta participaci\u00f3n el Ministerio de Cultura de la Naci\u00f3n, a trav\u00e9s del Mercado de Industrias Culturales Argentinas (MICA), contin\u00faa expandiendo las fronteras culturales a trav\u00e9s del trabajo de las direcciones nacionales de Integraci\u00f3n Federal y Cooperaci\u00f3n Internacional, y de Industrias Culturales de la secretar\u00eda de Desarrollo Cultural.<br \/>\nEl dise\u00f1o pertenece a uno de los 15 sectores del MICA. En t\u00e9rminos de identidad nacional, representa uno de los principales medios de producci\u00f3n cultural en relaci\u00f3n a la creaci\u00f3n de valores de uso y valores simb\u00f3licos, a trav\u00e9s del dise\u00f1o de objetos\/mobiliarios, vestimentas\/textiles, interiorismo\/paisajismo y comunicaciones gr\u00e1ficas\/multimedia. Dise\u00f1ar es construir y expresar la l\u00f3gica, los h\u00e1bitos y el decir de un pueblo. Dise\u00f1ar es construir cultura.<\/div>\n","protected":false},"excerpt":{"rendered":"<p>Se estima una participaci\u00f3n de m\u00e1s de 550.000 asistentes. Unos 150 sets de artistas, entre ellos Emilia Velazco y Totl\u00b4e, expondr\u00e1n su energ\u00eda, originalidad y creatividad en una de las celebraciones de autoexpresi\u00f3n art\u00edstica m\u00e1s grandes del mundo. En su edici\u00f3n n\u00famero 23, el Festival de Arte, Moda y Entretenimiento (M.A.D), que estima una participaci\u00f3n [&hellip;]<\/p>\n","protected":false},"author":1,"featured_media":25584,"comment_status":"closed","ping_status":"closed","sticky":false,"template":"","format":"standard","meta":{"footnotes":""},"categories":[6],"tags":[],"class_list":{"0":"post-25583","1":"post","2":"type-post","3":"status-publish","4":"format-standard","5":"has-post-thumbnail","7":"category-chaco"},"_links":{"self":[{"href":"https:\/\/chacosintesis.com.ar\/index.php\/wp-json\/wp\/v2\/posts\/25583","targetHints":{"allow":["GET"]}}],"collection":[{"href":"https:\/\/chacosintesis.com.ar\/index.php\/wp-json\/wp\/v2\/posts"}],"about":[{"href":"https:\/\/chacosintesis.com.ar\/index.php\/wp-json\/wp\/v2\/types\/post"}],"author":[{"embeddable":true,"href":"https:\/\/chacosintesis.com.ar\/index.php\/wp-json\/wp\/v2\/users\/1"}],"replies":[{"embeddable":true,"href":"https:\/\/chacosintesis.com.ar\/index.php\/wp-json\/wp\/v2\/comments?post=25583"}],"version-history":[{"count":0,"href":"https:\/\/chacosintesis.com.ar\/index.php\/wp-json\/wp\/v2\/posts\/25583\/revisions"}],"wp:featuredmedia":[{"embeddable":true,"href":"https:\/\/chacosintesis.com.ar\/index.php\/wp-json\/wp\/v2\/media\/25584"}],"wp:attachment":[{"href":"https:\/\/chacosintesis.com.ar\/index.php\/wp-json\/wp\/v2\/media?parent=25583"}],"wp:term":[{"taxonomy":"category","embeddable":true,"href":"https:\/\/chacosintesis.com.ar\/index.php\/wp-json\/wp\/v2\/categories?post=25583"},{"taxonomy":"post_tag","embeddable":true,"href":"https:\/\/chacosintesis.com.ar\/index.php\/wp-json\/wp\/v2\/tags?post=25583"}],"curies":[{"name":"wp","href":"https:\/\/api.w.org\/{rel}","templated":true}]}}