{"id":25581,"date":"2023-08-21T23:42:10","date_gmt":"2023-08-22T02:42:10","guid":{"rendered":"https:\/\/chacosintesis.com.ar\/?p=25581"},"modified":"2023-08-22T00:07:06","modified_gmt":"2023-08-22T03:07:06","slug":"inauguraron-refacciones-integrales-en-el-edificio-de-la-capilla-santa-ines","status":"publish","type":"post","link":"https:\/\/chacosintesis.com.ar\/index.php\/inauguraron-refacciones-integrales-en-el-edificio-de-la-capilla-santa-ines\/","title":{"rendered":"Inauguraron refacciones integrales en el edificio de la Capilla Santa In\u00e9s"},"content":{"rendered":"<div class=\"postie-post\">La obra, que consisti\u00f3 en la refacci\u00f3n integral del edificio, demand\u00f3 una inversi\u00f3n superior a los 43 millones de pesos con financiamiento provincial. Forma parte de un programa donde ya se han refaccionado integralmente m\u00faltiples capillas y parroquias como la Catedral, Sant\u00edsima Trinidad y Santa Rita, entre otras.<br \/>\nEl gobernador Jorge Capitanich junto al Padre Rafael del Blanco de la Parroquia Sant\u00edsima Trinidad, encabezaron esta tarde la inauguraci\u00f3n de las obras de refacci\u00f3n integral de la Capilla Santa In\u00e9s, ubicada en el barrio de Resistencia que lleva el mismo nombre. La obra demand\u00f3 una inversi\u00f3n de $43.788.698 con financiamiento del Ministerio de Planificaci\u00f3n, Econom\u00eda e Infraestructura. \u201cTenemos cerca de 88 intervenciones en infraestructura edilicia en templos, parroquias y capillas de distintos credos\u201d, subray\u00f3 el mandatario, quien estuvo acompa\u00f1ado del ministro de Gobierno Juan Manuel Chapo y el director de Culto Pedro Garc\u00eda.<br \/>\nAsimismo, ratific\u00f3 el compromiso de la actual gesti\u00f3n para con cada uno de los credos que forman parte de la identidad pluri-religiosa del Chaco y destac\u00f3 \u201clo bueno que es tener una casa de oraci\u00f3n donde las personas puedan hermanarse\u201d. \u201cEsto forma parte de nuestras convicciones; en un mundo donde existe una enorme tendencia a disgregar a la sociedad y generar ate\u00edsmo en su m\u00e1s profunda concepci\u00f3n, qui\u00e9nes tenemos fe debemos actuar y hacer una irrestricta defensa de la misma\u201d, reflexion\u00f3.<br \/>\nLos trabajos consistieron en la refacci\u00f3n integral del edificio que presentaba filtraciones pluviales significativas y gran deterioro de sus paredes. Se intervino as\u00ed el sector com\u00fan (Nave Central) para el desarrollo del oficio religioso, Presbiterio y Altar Mayor, el sector administrativo, la sacrist\u00eda, los sanitarios, la cocina y el sal\u00f3n para catequesis.<\/p>\n<p>Agradecimiento de la comunidad<\/p>\n<p>Pedro Garc\u00eda dijo que la obra es una de las tantas intervenciones realizadas en la gesti\u00f3n de Jorge Capitanich y destac\u00f3: \u201cEs uno de los pocos gobernadores de todo el pa\u00eds que les da tanta atenci\u00f3n a todas las comunidades religiosas\u201d. Y a\u00f1adi\u00f3 que se trata de una obra m\u00e1s para la comunidad, como espacio de encuentro, oraci\u00f3n y reflexi\u00f3n de las familias que profesan dicha fe.<br \/>\nEl padre Rafael del Blanco, a cargo de la parroquia Sant\u00edsima Trinidad de la cual depende la Capilla Santa In\u00e9s, destac\u00f3 la importancia de la obra de refacci\u00f3n de la capilla que con 40 a\u00f1os de historia se encontraba muy deteriorada. \u201cEl gobernador con el equipo de infraestructura y Loter\u00eda, que trabajan siempre para la comunidad, nos dieron la posibilidad de refaccionar completamente la capilla; realmente necesit\u00e1bamos esta obra\u201d, dijo. Y asegur\u00f3 que la infraestructura qued\u00f3 nueva e impecable.<br \/>\n Asimismo, transmiti\u00f3 el agradecimiento de los fieles no s\u00f3lo de esta capilla, sino tambi\u00e9n de muchas otras que fueron refaccionadas a nuevo, como la Parroquia Sant\u00edsima Trinidad, de la que depende Santa In\u00e9s, la capilla Santa Rita, y Santo Domingo de Guzm\u00e1n del barrio Espa\u00f1a. Adem\u00e1s, en dos meses aproximadamente se habilitar\u00e1n nuevas obras como la capilla Virgen de los Dolores del barrio Villa Don Enrique.<br \/>\nRosa Enzotegui, coordinadora de la comunidad religiosa, explic\u00f3 que antes la capilla quedaba chica y para las celebraciones se deb\u00eda sacar a la vereda las sillas. \u201cEn cambio ahora tenemos esta nueva y espaciosa obra para albergar a toda la comunidad; Estamos muy felices y agradecidos\u201d, dijo.<\/p><\/div>\n","protected":false},"excerpt":{"rendered":"<p>La obra, que consisti\u00f3 en la refacci\u00f3n integral del edificio, demand\u00f3 una inversi\u00f3n superior a los 43 millones de pesos con financiamiento provincial. Forma parte de un programa donde ya se han refaccionado integralmente m\u00faltiples capillas y parroquias como la Catedral, Sant\u00edsima Trinidad y Santa Rita, entre otras. El gobernador Jorge Capitanich junto al Padre [&hellip;]<\/p>\n","protected":false},"author":1,"featured_media":25582,"comment_status":"closed","ping_status":"closed","sticky":false,"template":"","format":"standard","meta":{"footnotes":""},"categories":[6],"tags":[],"class_list":{"0":"post-25581","1":"post","2":"type-post","3":"status-publish","4":"format-standard","5":"has-post-thumbnail","7":"category-chaco"},"_links":{"self":[{"href":"https:\/\/chacosintesis.com.ar\/index.php\/wp-json\/wp\/v2\/posts\/25581","targetHints":{"allow":["GET"]}}],"collection":[{"href":"https:\/\/chacosintesis.com.ar\/index.php\/wp-json\/wp\/v2\/posts"}],"about":[{"href":"https:\/\/chacosintesis.com.ar\/index.php\/wp-json\/wp\/v2\/types\/post"}],"author":[{"embeddable":true,"href":"https:\/\/chacosintesis.com.ar\/index.php\/wp-json\/wp\/v2\/users\/1"}],"replies":[{"embeddable":true,"href":"https:\/\/chacosintesis.com.ar\/index.php\/wp-json\/wp\/v2\/comments?post=25581"}],"version-history":[{"count":0,"href":"https:\/\/chacosintesis.com.ar\/index.php\/wp-json\/wp\/v2\/posts\/25581\/revisions"}],"wp:featuredmedia":[{"embeddable":true,"href":"https:\/\/chacosintesis.com.ar\/index.php\/wp-json\/wp\/v2\/media\/25582"}],"wp:attachment":[{"href":"https:\/\/chacosintesis.com.ar\/index.php\/wp-json\/wp\/v2\/media?parent=25581"}],"wp:term":[{"taxonomy":"category","embeddable":true,"href":"https:\/\/chacosintesis.com.ar\/index.php\/wp-json\/wp\/v2\/categories?post=25581"},{"taxonomy":"post_tag","embeddable":true,"href":"https:\/\/chacosintesis.com.ar\/index.php\/wp-json\/wp\/v2\/tags?post=25581"}],"curies":[{"name":"wp","href":"https:\/\/api.w.org\/{rel}","templated":true}]}}