{"id":25559,"date":"2023-08-21T23:21:00","date_gmt":"2023-08-22T02:21:00","guid":{"rendered":"https:\/\/chacosintesis.com.ar\/?p=25559"},"modified":"2023-08-21T23:37:36","modified_gmt":"2023-08-22T02:37:36","slug":"inauguran-el-ultimo-tramo-de-una-obra-clave-para-conectar-resistencia-y-fontana","status":"publish","type":"post","link":"https:\/\/chacosintesis.com.ar\/index.php\/inauguran-el-ultimo-tramo-de-una-obra-clave-para-conectar-resistencia-y-fontana\/","title":{"rendered":"Inauguran el \u00faltimo tramo de una obra clave para conectar Resistencia y Fontana"},"content":{"rendered":"<div class=\"postie-post\">La habilitaci\u00f3n ser\u00e1 el martes 22, a las 8, frente a la Escuela Aeron\u00e1utica N\u00ba 32 (avenida Marconi 2.748). Es la segunda y \u00faltima parte del proyecto de 4.800 metros entre Resistencia y Fontana, obra clave para la interconexi\u00f3n vial de ambas ciudades, en la zona oeste del \u00e1rea metropolitana, que llev\u00f3 una inversi\u00f3n superior a los 1.690 millones de pesos.<br \/>\nAvanzando con el plan de obras viales en el \u00e1rea metropolitana del Gran Resistencia, el gobernador Jorge Capitanich inaugurar\u00e1 este martes por la ma\u00f1ana, 1.000 metros de pavimento de la avenida Marconi, obra vial clave para el oeste de Resistencia y para la interconexi\u00f3n vial con Fontana.<br \/>\nEl acto de inauguraci\u00f3n se realizar\u00e1 en avenida Marconi 2.748, a la altura de la Escuela de Educaci\u00f3n T\u00e9cnica Aeron\u00e1utica (EETA) N\u00b032 \u201cSuboficial Mayor Mart\u00edn Lidoro Guzm\u00e1n\u201d, entidad escolar que se ver\u00e1 beneficiada con la obra.<br \/>\nEl tramo a inaugurarse corresponde al tramo final en Resistencia, de un proyecto de pavimentaci\u00f3n de 4800 metros, de los cuales 3800 metros ya fueron inaugurados entre Fontana y la capital provincial, en junio pasado.<br \/>\nLa inversi\u00f3n total es de 1.690 millones de pesos, financiados mediante un convenio entre la Direcci\u00f3n de Vialidad Provincial y la Direcci\u00f3n de Vialidad Nacional.<br \/>\nEsta obra posibilitar\u00e1 una mejora en las condiciones de transitabilidad y seguridad para veh\u00edculos y transe\u00fantes de la avenida Marconi, entre la colectora de la ruta nacional N\u00ba11 y la calle Tierra del Fuego, y la calle Nahuel Huapi, entre avenida Guillermo Marconi y avenida Alvear. Se incluyen obras de iluminaci\u00f3n, alcantarillado y se\u00f1alizaci\u00f3n.<\/div>\n","protected":false},"excerpt":{"rendered":"<p>La habilitaci\u00f3n ser\u00e1 el martes 22, a las 8, frente a la Escuela Aeron\u00e1utica N\u00ba 32 (avenida Marconi 2.748). Es la segunda y \u00faltima parte del proyecto de 4.800 metros entre Resistencia y Fontana, obra clave para la interconexi\u00f3n vial de ambas ciudades, en la zona oeste del \u00e1rea metropolitana, que llev\u00f3 una inversi\u00f3n superior [&hellip;]<\/p>\n","protected":false},"author":1,"featured_media":25560,"comment_status":"closed","ping_status":"closed","sticky":false,"template":"","format":"standard","meta":{"footnotes":""},"categories":[6],"tags":[],"class_list":{"0":"post-25559","1":"post","2":"type-post","3":"status-publish","4":"format-standard","5":"has-post-thumbnail","7":"category-chaco"},"_links":{"self":[{"href":"https:\/\/chacosintesis.com.ar\/index.php\/wp-json\/wp\/v2\/posts\/25559","targetHints":{"allow":["GET"]}}],"collection":[{"href":"https:\/\/chacosintesis.com.ar\/index.php\/wp-json\/wp\/v2\/posts"}],"about":[{"href":"https:\/\/chacosintesis.com.ar\/index.php\/wp-json\/wp\/v2\/types\/post"}],"author":[{"embeddable":true,"href":"https:\/\/chacosintesis.com.ar\/index.php\/wp-json\/wp\/v2\/users\/1"}],"replies":[{"embeddable":true,"href":"https:\/\/chacosintesis.com.ar\/index.php\/wp-json\/wp\/v2\/comments?post=25559"}],"version-history":[{"count":0,"href":"https:\/\/chacosintesis.com.ar\/index.php\/wp-json\/wp\/v2\/posts\/25559\/revisions"}],"wp:featuredmedia":[{"embeddable":true,"href":"https:\/\/chacosintesis.com.ar\/index.php\/wp-json\/wp\/v2\/media\/25560"}],"wp:attachment":[{"href":"https:\/\/chacosintesis.com.ar\/index.php\/wp-json\/wp\/v2\/media?parent=25559"}],"wp:term":[{"taxonomy":"category","embeddable":true,"href":"https:\/\/chacosintesis.com.ar\/index.php\/wp-json\/wp\/v2\/categories?post=25559"},{"taxonomy":"post_tag","embeddable":true,"href":"https:\/\/chacosintesis.com.ar\/index.php\/wp-json\/wp\/v2\/tags?post=25559"}],"curies":[{"name":"wp","href":"https:\/\/api.w.org\/{rel}","templated":true}]}}