{"id":25531,"date":"2023-08-21T15:23:50","date_gmt":"2023-08-21T18:23:50","guid":{"rendered":"https:\/\/chacosintesis.com.ar\/?p=25531"},"modified":"2023-08-21T15:37:06","modified_gmt":"2023-08-21T18:37:06","slug":"la-ninez-de-saenz-pena-festejo-su-dia-con-una-jornada-de-juegos-y-regalos","status":"publish","type":"post","link":"https:\/\/chacosintesis.com.ar\/index.php\/la-ninez-de-saenz-pena-festejo-su-dia-con-una-jornada-de-juegos-y-regalos\/","title":{"rendered":"La ni\u00f1ez de S\u00e1enz Pe\u00f1a festej\u00f3 su d\u00eda con una jornada de juegos y regalos"},"content":{"rendered":"<div class=\"postie-post\">Las ni\u00f1eces compartieron una tarde con merienda, shows y sorteos en el Centro C\u00edvico y Cultural.<br \/>\nEn el marco del D\u00eda de las Infancias, el Ministerio de Planificaci\u00f3n, Econom\u00eda e Infraestructura realiz\u00f3 un evento con la participaci\u00f3n de m\u00e1s de dos mil ni\u00f1as y ni\u00f1os en el Centro C\u00edvico y Cultural de Presidencia Roque S\u00e1enz Pe\u00f1a. El ministro Santiago P\u00e9rez Pons comparti\u00f3 la jornada de merienda, juegos, artistas y regalos, junto a la concejala saenzpe\u00f1ense Luisina Lita.<br \/>\nEl funcionario destac\u00f3 las pol\u00edticas p\u00fablicas con perspectiva de ni\u00f1ez que lleva adelante el gobierno provincial. Con una mirada especial en la ejecuci\u00f3n de programas provinciales con la ejecuci\u00f3n de nuevas obras como los Centros de Desarrollo Infantil inaugurados en 48 municipios de Chaco, destinado a ni\u00f1as y ni\u00f1os de entre 0 y 4 a\u00f1os, donde se garantiza que cuenten con un espacio de crecimiento y desarrollo motriz.<br \/>\nAdem\u00e1s valor\u00f3 la universalizaci\u00f3n de las salas infantiles para ni\u00f1as y ni\u00f1os de 4 y 5 a\u00f1os. Remarc\u00f3 las m\u00faltiples inversiones en refacci\u00f3n y ampliaci\u00f3n de Centros de Salud en toda la provincia, como as\u00ed tambi\u00e9n en el Hospital Pedi\u00e1trico, las modificaciones en la Residencia de Madres del hospital 4 de Junio \u201cDr. Ram\u00f3n Carrillo\u201d en S\u00e1enz Pe\u00f1a que alberga a mujeres con beb\u00e9s, ni\u00f1as y ni\u00f1os peque\u00f1os internados en el \u00e1rea de terapia intensiva de Neonatolog\u00eda.<br \/>\n\u201cEl a\u00f1o pasado tuvimos una gran concurrencia, entonces este a\u00f1o est\u00e1bamos preparados con una gran puesta en escena con m\u00faltiples actividades y juegos para las ni\u00f1as y los ni\u00f1os, trabajamos para que se vayan con una sonrisa\u201d, se\u00f1al\u00f3 Lita.<br \/>\nAndrea, quien disfrut\u00f3 de la tarde de juegos y sorteos junto a su peque\u00f1o hijo, celebr\u00f3 que el Estado provincial pueda abrir estos espacios para que las familias de todos los barrios compartan una celebraci\u00f3n llena de alegr\u00eda y colorido. \u201cEs muy lindo que vengan los chicos y se diviertan y que el evento sea accesible\u201d, manifest\u00f3.<\/div>\n","protected":false},"excerpt":{"rendered":"<p>Las ni\u00f1eces compartieron una tarde con merienda, shows y sorteos en el Centro C\u00edvico y Cultural. En el marco del D\u00eda de las Infancias, el Ministerio de Planificaci\u00f3n, Econom\u00eda e Infraestructura realiz\u00f3 un evento con la participaci\u00f3n de m\u00e1s de dos mil ni\u00f1as y ni\u00f1os en el Centro C\u00edvico y Cultural de Presidencia Roque S\u00e1enz [&hellip;]<\/p>\n","protected":false},"author":1,"featured_media":25532,"comment_status":"closed","ping_status":"closed","sticky":false,"template":"","format":"standard","meta":{"footnotes":""},"categories":[6],"tags":[],"class_list":{"0":"post-25531","1":"post","2":"type-post","3":"status-publish","4":"format-standard","5":"has-post-thumbnail","7":"category-chaco"},"_links":{"self":[{"href":"https:\/\/chacosintesis.com.ar\/index.php\/wp-json\/wp\/v2\/posts\/25531","targetHints":{"allow":["GET"]}}],"collection":[{"href":"https:\/\/chacosintesis.com.ar\/index.php\/wp-json\/wp\/v2\/posts"}],"about":[{"href":"https:\/\/chacosintesis.com.ar\/index.php\/wp-json\/wp\/v2\/types\/post"}],"author":[{"embeddable":true,"href":"https:\/\/chacosintesis.com.ar\/index.php\/wp-json\/wp\/v2\/users\/1"}],"replies":[{"embeddable":true,"href":"https:\/\/chacosintesis.com.ar\/index.php\/wp-json\/wp\/v2\/comments?post=25531"}],"version-history":[{"count":0,"href":"https:\/\/chacosintesis.com.ar\/index.php\/wp-json\/wp\/v2\/posts\/25531\/revisions"}],"wp:featuredmedia":[{"embeddable":true,"href":"https:\/\/chacosintesis.com.ar\/index.php\/wp-json\/wp\/v2\/media\/25532"}],"wp:attachment":[{"href":"https:\/\/chacosintesis.com.ar\/index.php\/wp-json\/wp\/v2\/media?parent=25531"}],"wp:term":[{"taxonomy":"category","embeddable":true,"href":"https:\/\/chacosintesis.com.ar\/index.php\/wp-json\/wp\/v2\/categories?post=25531"},{"taxonomy":"post_tag","embeddable":true,"href":"https:\/\/chacosintesis.com.ar\/index.php\/wp-json\/wp\/v2\/tags?post=25531"}],"curies":[{"name":"wp","href":"https:\/\/api.w.org\/{rel}","templated":true}]}}