{"id":25527,"date":"2023-08-21T15:19:13","date_gmt":"2023-08-21T18:19:13","guid":{"rendered":"https:\/\/chacosintesis.com.ar\/?p=25527"},"modified":"2023-08-21T15:36:58","modified_gmt":"2023-08-21T18:36:58","slug":"es-una-decision-politica-que-no-todos-asumen-dijo-capitanich","status":"publish","type":"post","link":"https:\/\/chacosintesis.com.ar\/index.php\/es-una-decision-politica-que-no-todos-asumen-dijo-capitanich\/","title":{"rendered":"\u201cEs una decisi\u00f3n pol\u00edtica que no todos asumen\u201d, dijo Capitanich"},"content":{"rendered":"<div class=\"postie-post\">\u201cSe avanza en la reducci\u00f3n del d\u00e9ficit habitacional en esa ciudad con estas nuevas viviendas, otras 40 en ejecuci\u00f3n y un plan de 95 prontas a ser licitadas&#8221;, destac\u00f3 el gobernador.<br \/>\nEl gobernador Jorge Capitanich entreg\u00f3 este lunes 40 viviendas en Presidencia de la Plaza. \u201cEn el \u00faltimo periodo alcanzaremos cerca de 200 nuevas viviendas en esta localidad, que se suman a otras tantas que logramos concretar en periodos anteriores de gobierno\u201d, destac\u00f3 el mandatario durante el acto en el que se hizo uns entrega simb\u00f3lica de llaves a cuatro familias.<br \/>\nSe trata de dos paquetes de obras: unas 20 del programa Reconstruir que demandaron una inversi\u00f3n de $231.146.928, y otras 20 del mismo programa pero que forman parte de un proyecto de 40 y que implican una inversi\u00f3n de $451.498.315. Hay 40 m\u00e1s en ejecuci\u00f3n y un plan de 95 prontas a ser licitadas.<br \/>\n\u201cLa vivienda es algo extremadamente importante y quiero reflexionar sobre lo que esto significa: entregar viviendas es una decisi\u00f3n pol\u00edtica que no todos los gobiernos tienen, como qued\u00f3 demostrado desde el 2015 cuando el gobierno nacional paraliz\u00f3 la ejecuci\u00f3n de muchos planes\u201d, record\u00f3 Capitanich.<br \/>\n\u201cCon un salario insuficiente, ingresos informales, nunca se puede construir una vivienda sino es por el Estado que redistribuye las riquezas. Reafirmo en esta oportunidad la alegr\u00eda de compartir esta nueva entrega con todos ustedes\u201d, expres\u00f3 el gobernador.<br \/>\nAdem\u00e1s reiter\u00f3 la importancia del r\u00e9gimen de sorteos a trav\u00e9s del Instituto Provincial de Desarrollo Urbano y la Vivienda (IPDUV): &#8220;un sistema transparente que garantiza un acceso democr\u00e1tico y equitativo\u201d.<br \/>\nEn la oportunidad se entregaron junto con las viviendas, plantines de \u00e1rboles en el marco del Plan de Arbolado Urbano y un kit de libros para cada familia. Tambi\u00e9n otorg\u00f3 una notebook a Mateo Escalante, un ni\u00f1o no vidente de 11 a\u00f1os. \u201cEstamos garantizando derechos, a la vivienda, al trabajo digno, al ambiente sano y a la cultura\u201d, sostuvo.<br \/>\nEstuvieron presentes junto al gobernador, el intendente de la localidad Diego Bernachea, el presidente del IPDUV, Diego Ar\u00e9valo, y el vocal del organismo, Mirko Nicolich.<br \/>\nEl Estado, como respuesta a una necesidad<br \/>\n&#8220;Tenemos claro que muchas familias esperan la vivienda, necesitan la vivienda y sabemos que lleva tiempo, esfuerzo y que solos no pueden hacerlo. Nuestro proyecto entiende que hay algo que el Estado tiene que hacer en esa necesidad que es hacerse cargo\u201d, dijo Ar\u00e9valo.<br \/>\nEl funcionario reiter\u00f3 la importancia de acercar seguridad a las familias ante \u201ctanta incertidumbre econ\u00f3mica\u201d, aportando lo m\u00e1s importante y necesario que es contar con un techo digno. \u201cEntender la necesidad y ayudar como Estado a lograr ese sue\u00f1o\u201d, insisti\u00f3.<br \/>\nEn tanto, el intendente local, Diego Bernachea record\u00f3: &#8220;estuvimos muchos a\u00f1os con viviendas paralizadas y este gobierno volvi\u00f3 a apostar a la vivienda, a garantizar un techo digno y un hogar para los chaque\u00f1os y las chaque\u00f1as\u201d. \u201cComparto la alegr\u00eda de todos ustedes, y convoc\u00f3 a cuidar las viviendas y a que construyan aqu\u00ed un hermoso y gran barrio\u201d, les dijo el jefe comunal a los presentes.<\/div>\n","protected":false},"excerpt":{"rendered":"<p>\u201cSe avanza en la reducci\u00f3n del d\u00e9ficit habitacional en esa ciudad con estas nuevas viviendas, otras 40 en ejecuci\u00f3n y un plan de 95 prontas a ser licitadas&#8221;, destac\u00f3 el gobernador. El gobernador Jorge Capitanich entreg\u00f3 este lunes 40 viviendas en Presidencia de la Plaza. \u201cEn el \u00faltimo periodo alcanzaremos cerca de 200 nuevas viviendas [&hellip;]<\/p>\n","protected":false},"author":1,"featured_media":25528,"comment_status":"closed","ping_status":"closed","sticky":false,"template":"","format":"standard","meta":{"footnotes":""},"categories":[6],"tags":[],"class_list":{"0":"post-25527","1":"post","2":"type-post","3":"status-publish","4":"format-standard","5":"has-post-thumbnail","7":"category-chaco"},"_links":{"self":[{"href":"https:\/\/chacosintesis.com.ar\/index.php\/wp-json\/wp\/v2\/posts\/25527","targetHints":{"allow":["GET"]}}],"collection":[{"href":"https:\/\/chacosintesis.com.ar\/index.php\/wp-json\/wp\/v2\/posts"}],"about":[{"href":"https:\/\/chacosintesis.com.ar\/index.php\/wp-json\/wp\/v2\/types\/post"}],"author":[{"embeddable":true,"href":"https:\/\/chacosintesis.com.ar\/index.php\/wp-json\/wp\/v2\/users\/1"}],"replies":[{"embeddable":true,"href":"https:\/\/chacosintesis.com.ar\/index.php\/wp-json\/wp\/v2\/comments?post=25527"}],"version-history":[{"count":0,"href":"https:\/\/chacosintesis.com.ar\/index.php\/wp-json\/wp\/v2\/posts\/25527\/revisions"}],"wp:featuredmedia":[{"embeddable":true,"href":"https:\/\/chacosintesis.com.ar\/index.php\/wp-json\/wp\/v2\/media\/25528"}],"wp:attachment":[{"href":"https:\/\/chacosintesis.com.ar\/index.php\/wp-json\/wp\/v2\/media?parent=25527"}],"wp:term":[{"taxonomy":"category","embeddable":true,"href":"https:\/\/chacosintesis.com.ar\/index.php\/wp-json\/wp\/v2\/categories?post=25527"},{"taxonomy":"post_tag","embeddable":true,"href":"https:\/\/chacosintesis.com.ar\/index.php\/wp-json\/wp\/v2\/tags?post=25527"}],"curies":[{"name":"wp","href":"https:\/\/api.w.org\/{rel}","templated":true}]}}