{"id":25523,"date":"2023-08-21T15:12:00","date_gmt":"2023-08-21T18:12:00","guid":{"rendered":"https:\/\/chacosintesis.com.ar\/?p=25523"},"modified":"2023-08-21T15:36:45","modified_gmt":"2023-08-21T18:36:45","slug":"capitanich-acordo-propuestas-con-jovenes-abogados-para-mejorar-el-acceso-a-la-justicia","status":"publish","type":"post","link":"https:\/\/chacosintesis.com.ar\/index.php\/capitanich-acordo-propuestas-con-jovenes-abogados-para-mejorar-el-acceso-a-la-justicia\/","title":{"rendered":"Capitanich acord\u00f3 propuestas con j\u00f3venes abogados para mejorar el acceso a la justicia"},"content":{"rendered":"<div class=\"postie-post\">Abordaron proyectos que van desde la reforma judicial, Justicia de familia y g\u00e9nero, a la digitalizaci\u00f3n de los procedimientos administrativos y la Justicia Ambiental. El gobernador Jorge Capitanich se reuni\u00f3 este domingo con j\u00f3venes abogados y abogadas de la provincia, para abordar las inquietudes del sector y temas de inter\u00e9s com\u00fan como la reforma judicial. Acordaron trabajar en una serie de proyectos planteados por las y los profesionales con el objetivo de fortalecer la calidad institucional y el acceso a la Justicia de la ciudadan\u00eda chaque\u00f1a.<br \/>\nLos proyectos presentados est\u00e1n vinculados a la Justicia de familia y de g\u00e9nero, defensa del consumidor y justicia ambiental. Ser\u00e1n evaluados por los equipos de gobierno a fin de implementarlas en forma conjunta con las agrupaciones que re\u00fanen a los profesionales del sector y estudiantes de la carrera.<br \/>\nParticiparon tambi\u00e9n de la reuni\u00f3n el subsecretario de Ambiente y Biodiversidad Tom\u00e1s Camaraza, la subsecretaria de Juventudes Julieta Campos y la abogada Lourdes Polo Budzovsky, colaboradora del gobierno provincial.<br \/>\nEscucha atenta<br \/>\nPablo Araujo, miembro del Consejo de Abogados, valor\u00f3 la apertura del gobernador para escuchar las propuestas del sector y explic\u00f3 que de la reuni\u00f3n participaron no solo j\u00f3venes profesionales, sino tambi\u00e9n estudiantes avanzados de la carrera. \u201cPlanteamos distintas propuestas para mejorar el funcionamiento del ejercicio de la profesi\u00f3n que van desde reforma legislativa, digitalizaci\u00f3n de los procedimientos administrativos judiciales, y armonizaci\u00f3n de la Ley Micaela en los c\u00f3digos civiles, comercial y administrativo\u201d, indic\u00f3.<br \/>\n\u201cEs muy importante para los j\u00f3venes ser escuchados por el gobernador y trabajar en conjunto para adecuar el ejercicio de la profesi\u00f3n a los nuevos tiempos que corren y sus exigencias\u201d, agreg\u00f3.<br \/>\nCaterina Matos, estudiante de la agrupaci\u00f3n Juventud Universitaria Peronista (JUP) de la Facultad de Derecho remarc\u00f3 la importancia de avanzar en la reforma judicial y llevar adelante un asesoramiento integral a la poblaci\u00f3n de la mano de los profesionales del Derecho. \u201cEst\u00e1 muy buena la posibilidad de dialogar con el gobernador y que escuche nuestras propuestas\u201d, acot\u00f3.<\/div>\n","protected":false},"excerpt":{"rendered":"<p>Abordaron proyectos que van desde la reforma judicial, Justicia de familia y g\u00e9nero, a la digitalizaci\u00f3n de los procedimientos administrativos y la Justicia Ambiental. El gobernador Jorge Capitanich se reuni\u00f3 este domingo con j\u00f3venes abogados y abogadas de la provincia, para abordar las inquietudes del sector y temas de inter\u00e9s com\u00fan como la reforma judicial. [&hellip;]<\/p>\n","protected":false},"author":1,"featured_media":25524,"comment_status":"closed","ping_status":"closed","sticky":false,"template":"","format":"standard","meta":{"footnotes":""},"categories":[6],"tags":[],"class_list":{"0":"post-25523","1":"post","2":"type-post","3":"status-publish","4":"format-standard","5":"has-post-thumbnail","7":"category-chaco"},"_links":{"self":[{"href":"https:\/\/chacosintesis.com.ar\/index.php\/wp-json\/wp\/v2\/posts\/25523","targetHints":{"allow":["GET"]}}],"collection":[{"href":"https:\/\/chacosintesis.com.ar\/index.php\/wp-json\/wp\/v2\/posts"}],"about":[{"href":"https:\/\/chacosintesis.com.ar\/index.php\/wp-json\/wp\/v2\/types\/post"}],"author":[{"embeddable":true,"href":"https:\/\/chacosintesis.com.ar\/index.php\/wp-json\/wp\/v2\/users\/1"}],"replies":[{"embeddable":true,"href":"https:\/\/chacosintesis.com.ar\/index.php\/wp-json\/wp\/v2\/comments?post=25523"}],"version-history":[{"count":0,"href":"https:\/\/chacosintesis.com.ar\/index.php\/wp-json\/wp\/v2\/posts\/25523\/revisions"}],"wp:featuredmedia":[{"embeddable":true,"href":"https:\/\/chacosintesis.com.ar\/index.php\/wp-json\/wp\/v2\/media\/25524"}],"wp:attachment":[{"href":"https:\/\/chacosintesis.com.ar\/index.php\/wp-json\/wp\/v2\/media?parent=25523"}],"wp:term":[{"taxonomy":"category","embeddable":true,"href":"https:\/\/chacosintesis.com.ar\/index.php\/wp-json\/wp\/v2\/categories?post=25523"},{"taxonomy":"post_tag","embeddable":true,"href":"https:\/\/chacosintesis.com.ar\/index.php\/wp-json\/wp\/v2\/tags?post=25523"}],"curies":[{"name":"wp","href":"https:\/\/api.w.org\/{rel}","templated":true}]}}