{"id":25517,"date":"2023-08-21T14:57:00","date_gmt":"2023-08-21T17:57:00","guid":{"rendered":"https:\/\/chacosintesis.com.ar\/?p=25517"},"modified":"2023-08-21T15:06:46","modified_gmt":"2023-08-21T18:06:46","slug":"sameep-participara-en-la-xii-feria-del-libro-juridico-sociedad-y-derechos-nuevos-horizontes","status":"publish","type":"post","link":"https:\/\/chacosintesis.com.ar\/index.php\/sameep-participara-en-la-xii-feria-del-libro-juridico-sociedad-y-derechos-nuevos-horizontes\/","title":{"rendered":"Sameep participar\u00e1 en la XII Feria del Libro Jur\u00eddico \u201cSociedad y Derechos, nuevos horizontes\u201d"},"content":{"rendered":"<div class=\"postie-post\">Profesionales de la empresa estatal brindar\u00e1n una charla sobre \u201cEl agua como Derecho Humano y Planta de Tratamiento de Efluentes\u201d. Adem\u00e1s, habr\u00e1 un stand informativo.<br \/>\nProfesionales de la empresa estatal brindar\u00e1n una charla sobre \u201cEl agua como Derecho Humano y Planta de Tratamiento de Efluentes\u201d. Adem\u00e1s, habr\u00e1 un stand informativo.<br \/>\nEste martes 22, a las 17.30, profesionales de Sameep brindar\u00e1n una charla sobre \u201cEl agua como Derecho Humano y Planta de Tratamiento de Efluentes\u201d, en el marco de la Feria del Libro Jur\u00eddico. El evento se desarrolla del 22 al 29 de agosto en el Centro Cultural Nordeste de la UNNE, (Arturo Illia 355) de Resistencia.<br \/>\nEn esta ocasi\u00f3n disertar\u00e1n las doctoras Macarena Ormaechea y Nathia Judkevich y el ingeniero Adri\u00e1n Soto. Adem\u00e1s, Sameep contar\u00e1 con un stand en el lugar, donde el p\u00fablico podr\u00e1 evacuar dudas e informarse sobre la empresa, el servicio que realiza y las obras en ejecuci\u00f3n.<br \/>\nLas personas interesadas pueden inscribirse en <a href=\"mailto:capacitaciones.colegioabogados@gmail.com\" >capacitaciones.colegioabogados@gmail.com<\/a> . Se entregar\u00e1n certificados de asistencia.<\/div>\n","protected":false},"excerpt":{"rendered":"<p>Profesionales de la empresa estatal brindar\u00e1n una charla sobre \u201cEl agua como Derecho Humano y Planta de Tratamiento de Efluentes\u201d. Adem\u00e1s, habr\u00e1 un stand informativo. Profesionales de la empresa estatal brindar\u00e1n una charla sobre \u201cEl agua como Derecho Humano y Planta de Tratamiento de Efluentes\u201d. Adem\u00e1s, habr\u00e1 un stand informativo. Este martes 22, a las [&hellip;]<\/p>\n","protected":false},"author":1,"featured_media":25518,"comment_status":"closed","ping_status":"closed","sticky":false,"template":"","format":"standard","meta":{"footnotes":""},"categories":[6],"tags":[],"class_list":{"0":"post-25517","1":"post","2":"type-post","3":"status-publish","4":"format-standard","5":"has-post-thumbnail","7":"category-chaco"},"_links":{"self":[{"href":"https:\/\/chacosintesis.com.ar\/index.php\/wp-json\/wp\/v2\/posts\/25517","targetHints":{"allow":["GET"]}}],"collection":[{"href":"https:\/\/chacosintesis.com.ar\/index.php\/wp-json\/wp\/v2\/posts"}],"about":[{"href":"https:\/\/chacosintesis.com.ar\/index.php\/wp-json\/wp\/v2\/types\/post"}],"author":[{"embeddable":true,"href":"https:\/\/chacosintesis.com.ar\/index.php\/wp-json\/wp\/v2\/users\/1"}],"replies":[{"embeddable":true,"href":"https:\/\/chacosintesis.com.ar\/index.php\/wp-json\/wp\/v2\/comments?post=25517"}],"version-history":[{"count":0,"href":"https:\/\/chacosintesis.com.ar\/index.php\/wp-json\/wp\/v2\/posts\/25517\/revisions"}],"wp:featuredmedia":[{"embeddable":true,"href":"https:\/\/chacosintesis.com.ar\/index.php\/wp-json\/wp\/v2\/media\/25518"}],"wp:attachment":[{"href":"https:\/\/chacosintesis.com.ar\/index.php\/wp-json\/wp\/v2\/media?parent=25517"}],"wp:term":[{"taxonomy":"category","embeddable":true,"href":"https:\/\/chacosintesis.com.ar\/index.php\/wp-json\/wp\/v2\/categories?post=25517"},{"taxonomy":"post_tag","embeddable":true,"href":"https:\/\/chacosintesis.com.ar\/index.php\/wp-json\/wp\/v2\/tags?post=25517"}],"curies":[{"name":"wp","href":"https:\/\/api.w.org\/{rel}","templated":true}]}}