{"id":25509,"date":"2023-08-21T10:48:38","date_gmt":"2023-08-21T13:48:38","guid":{"rendered":"https:\/\/chacosintesis.com.ar\/?p=25509"},"modified":"2023-08-21T11:06:50","modified_gmt":"2023-08-21T14:06:50","slug":"peppo-desistio-de-su-candidatura-a-gobernador-para-respaldar-al-frente-chaqueno","status":"publish","type":"post","link":"https:\/\/chacosintesis.com.ar\/index.php\/peppo-desistio-de-su-candidatura-a-gobernador-para-respaldar-al-frente-chaqueno\/","title":{"rendered":"Peppo desisti\u00f3 de su candidatura a gobernador para respaldar al Frente Chaque\u00f1o"},"content":{"rendered":"<div class=\"postie-post\">Domingo Peppo desisti\u00f3 este domingo de su candidatura a gobernador por el frente Unidos por la Gente para brindar respaldo al Frente Chaque\u00f1o de cara a las elecciones provinciales del 17 de septiembre, apoyando la f\u00f3rmula Jorge Capitanich &#8211; Anal\u00eda Rach Quiroga.<\/p>\n<p>&#8220;Tomamos esta decisi\u00f3n en acuerdo con el gobernador Jorge Capitanich y el referente del Frente Renovador en Chaco, Jos\u00e9 S\u00e1nchez, en vistas al beneficio de la comunidad chaque\u00f1a en su conjunto&#8221;, sostuvo Peppo.<br \/>\n&#8220;La decisi\u00f3n est\u00e1 vinculada a una reconsideraci\u00f3n de los ejes de gesti\u00f3n de gobierno y campa\u00f1a del Frente Chaque\u00f1o, planteada tras una charla con el compa\u00f1ero Jorge Capitanich, quien dio su compromiso en este sentido. Por eso es que de cara a las elecciones del 17 de septiembre hemos decidido apoyar la f\u00f3rmula que integra el actual gobernador&#8221;, agreg\u00f3 Peppo.<br \/>\nCon esta decisi\u00f3n, adem\u00e1s quedan sin efecto las postulaciones a vicegobernador y la lista de diputados provinciales de Unidos por la Gente.<\/p><\/div>\n","protected":false},"excerpt":{"rendered":"<p>Domingo Peppo desisti\u00f3 este domingo de su candidatura a gobernador por el frente Unidos por la Gente para brindar respaldo al Frente Chaque\u00f1o de cara a las elecciones provinciales del 17 de septiembre, apoyando la f\u00f3rmula Jorge Capitanich &#8211; Anal\u00eda Rach Quiroga. &#8220;Tomamos esta decisi\u00f3n en acuerdo con el gobernador Jorge Capitanich y el referente [&hellip;]<\/p>\n","protected":false},"author":1,"featured_media":25510,"comment_status":"closed","ping_status":"closed","sticky":false,"template":"","format":"standard","meta":{"footnotes":""},"categories":[6],"tags":[],"class_list":{"0":"post-25509","1":"post","2":"type-post","3":"status-publish","4":"format-standard","5":"has-post-thumbnail","7":"category-chaco"},"_links":{"self":[{"href":"https:\/\/chacosintesis.com.ar\/index.php\/wp-json\/wp\/v2\/posts\/25509","targetHints":{"allow":["GET"]}}],"collection":[{"href":"https:\/\/chacosintesis.com.ar\/index.php\/wp-json\/wp\/v2\/posts"}],"about":[{"href":"https:\/\/chacosintesis.com.ar\/index.php\/wp-json\/wp\/v2\/types\/post"}],"author":[{"embeddable":true,"href":"https:\/\/chacosintesis.com.ar\/index.php\/wp-json\/wp\/v2\/users\/1"}],"replies":[{"embeddable":true,"href":"https:\/\/chacosintesis.com.ar\/index.php\/wp-json\/wp\/v2\/comments?post=25509"}],"version-history":[{"count":0,"href":"https:\/\/chacosintesis.com.ar\/index.php\/wp-json\/wp\/v2\/posts\/25509\/revisions"}],"wp:featuredmedia":[{"embeddable":true,"href":"https:\/\/chacosintesis.com.ar\/index.php\/wp-json\/wp\/v2\/media\/25510"}],"wp:attachment":[{"href":"https:\/\/chacosintesis.com.ar\/index.php\/wp-json\/wp\/v2\/media?parent=25509"}],"wp:term":[{"taxonomy":"category","embeddable":true,"href":"https:\/\/chacosintesis.com.ar\/index.php\/wp-json\/wp\/v2\/categories?post=25509"},{"taxonomy":"post_tag","embeddable":true,"href":"https:\/\/chacosintesis.com.ar\/index.php\/wp-json\/wp\/v2\/tags?post=25509"}],"curies":[{"name":"wp","href":"https:\/\/api.w.org\/{rel}","templated":true}]}}