{"id":25505,"date":"2023-08-21T10:40:51","date_gmt":"2023-08-21T13:40:51","guid":{"rendered":"https:\/\/chacosintesis.com.ar\/?p=25505"},"modified":"2023-08-21T11:06:41","modified_gmt":"2023-08-21T14:06:41","slug":"resistencia-se-busca-informacion-sobre-el-paradero-de-felipe-porto","status":"publish","type":"post","link":"https:\/\/chacosintesis.com.ar\/index.php\/resistencia-se-busca-informacion-sobre-el-paradero-de-felipe-porto\/","title":{"rendered":"Resistencia: Se busca informaci\u00f3n sobre el paradero de Felipe Porto"},"content":{"rendered":"<div class=\"postie-post\">En base a una denuncia registrada en Comisar\u00eda Primera Resistencia, se solicita informaci\u00f3n sobre Felipe Porto, que fue visto por \u00faltima vez el domingo 20.<br \/>\nSeg\u00fan la informaci\u00f3n que proporcion\u00f3 su familia, este joven de 17 a\u00f1os, tiene 1,80 metros de altura, es de contextura f\u00edsica robusta, tez blanca, cabello lacio casta\u00f1o claro, ojos color y estaba vestido con un pantal\u00f3n buzo oscuro, zapatillas negras o zapato marrones, remera negra con estampa en el pecho de \u201cThe Beatles\u201d y campera de jean marr\u00f3n. Fue visto por \u00faltima vez en calle Pellegrini 440.<br \/>\nCualquier novedad sobre la persona menor, favor de acercarse a la unidad m\u00e1s pr\u00f3xima a su domicilio o bien comunicarse a Comisar\u00eda Primera Resistencia al 3624385646 o al servicio de emergencias 911.<\/div>\n","protected":false},"excerpt":{"rendered":"<p>En base a una denuncia registrada en Comisar\u00eda Primera Resistencia, se solicita informaci\u00f3n sobre Felipe Porto, que fue visto por \u00faltima vez el domingo 20. Seg\u00fan la informaci\u00f3n que proporcion\u00f3 su familia, este joven de 17 a\u00f1os, tiene 1,80 metros de altura, es de contextura f\u00edsica robusta, tez blanca, cabello lacio casta\u00f1o claro, ojos color [&hellip;]<\/p>\n","protected":false},"author":1,"featured_media":25506,"comment_status":"closed","ping_status":"closed","sticky":false,"template":"","format":"standard","meta":{"footnotes":""},"categories":[6],"tags":[],"class_list":{"0":"post-25505","1":"post","2":"type-post","3":"status-publish","4":"format-standard","5":"has-post-thumbnail","7":"category-chaco"},"_links":{"self":[{"href":"https:\/\/chacosintesis.com.ar\/index.php\/wp-json\/wp\/v2\/posts\/25505","targetHints":{"allow":["GET"]}}],"collection":[{"href":"https:\/\/chacosintesis.com.ar\/index.php\/wp-json\/wp\/v2\/posts"}],"about":[{"href":"https:\/\/chacosintesis.com.ar\/index.php\/wp-json\/wp\/v2\/types\/post"}],"author":[{"embeddable":true,"href":"https:\/\/chacosintesis.com.ar\/index.php\/wp-json\/wp\/v2\/users\/1"}],"replies":[{"embeddable":true,"href":"https:\/\/chacosintesis.com.ar\/index.php\/wp-json\/wp\/v2\/comments?post=25505"}],"version-history":[{"count":0,"href":"https:\/\/chacosintesis.com.ar\/index.php\/wp-json\/wp\/v2\/posts\/25505\/revisions"}],"wp:featuredmedia":[{"embeddable":true,"href":"https:\/\/chacosintesis.com.ar\/index.php\/wp-json\/wp\/v2\/media\/25506"}],"wp:attachment":[{"href":"https:\/\/chacosintesis.com.ar\/index.php\/wp-json\/wp\/v2\/media?parent=25505"}],"wp:term":[{"taxonomy":"category","embeddable":true,"href":"https:\/\/chacosintesis.com.ar\/index.php\/wp-json\/wp\/v2\/categories?post=25505"},{"taxonomy":"post_tag","embeddable":true,"href":"https:\/\/chacosintesis.com.ar\/index.php\/wp-json\/wp\/v2\/tags?post=25505"}],"curies":[{"name":"wp","href":"https:\/\/api.w.org\/{rel}","templated":true}]}}