{"id":25495,"date":"2023-08-20T19:10:55","date_gmt":"2023-08-20T22:10:55","guid":{"rendered":"https:\/\/chacosintesis.com.ar\/?p=25495"},"modified":"2023-08-20T19:37:37","modified_gmt":"2023-08-20T22:37:37","slug":"capitanich-optamos-por-hacer-todo-lo-posible-para-resolverle-los-problemas-a-la-gente","status":"publish","type":"post","link":"https:\/\/chacosintesis.com.ar\/index.php\/capitanich-optamos-por-hacer-todo-lo-posible-para-resolverle-los-problemas-a-la-gente\/","title":{"rendered":"Capitanich: &#8220;Optamos por hacer todo lo posible para resolverle los problemas a la gente&#8221;"},"content":{"rendered":"<div class=\"postie-post\">El gobernador se refiri\u00f3 a la serie de pol\u00edticas presentadas en los \u00faltimos d\u00edas, orientadas a mejorar el poder adquisitivo de las y los trabajadores, y el ingreso disponible de las familias chaque\u00f1as.<\/p>\n<p>El gobernador Jorge Capitanich destac\u00f3 las pol\u00edticas de alivio financiero y apuntalamiento de las econom\u00edas familiares impulsadas por el Gobierno provincial. Aumento salarial extraordinario, descuentos en supermercados y farmacias, y el alivio financiero anunciado para trabajadoras y trabajadores que tengan deudas. \u201cCuando hay problemas tenemos dos actitudes posibles: no hacer nada o hacer todo lo posible para resolver los problemas de la gente. Nosotros optamos por hacer todo lo posible para resolverle los problemas a la gente\u201d, asegur\u00f3 el mandatario. Cabe recordar que el aumento salarial extraordinario anunciado el mi\u00e9rcoles implica un incremento del 20% para la Administraci\u00f3n Central y poderes legislativo y judicial. La medida incluye a la Administraci\u00f3n P\u00fablica Central, Vialidad Provincial, Polic\u00eda, Servicio Penitenciario, legislativos y judiciales. Se implementar\u00e1 en dos etapas: un aumento del 8 por ciento en agosto y un 12 por ciento en concepto de pauta salarial a pagarse en octubre. A esto se suma el regreso del programa \u201cAhorr\u00e1 Chaco\u201d por el Mes de las Infancias, con descuentos y beneficios a trav\u00e9s de la tarjeta TUYA del Nuevo Banco del Chaco. Del 15 al 20 de agosto las y los consumidores tendr\u00e1n un 40% de bonificaci\u00f3n y 4 cuotas sin inter\u00e9s (con tope de reintegro de 7 mil pesos) pagando con tarjeta TUYA en los rubros de indumentaria, jugueter\u00eda, librer\u00eda y papeler\u00eda, regaler\u00eda, marroquiner\u00eda, zapater\u00eda, \u00f3pticas, electr\u00f3nica y bicicleter\u00eda. Asimismo, el mandatario comunic\u00f3 el regreso de los S\u00faper D\u00edas de descuentos del 30% en farmacias y 50% en supermercados desde el martes 22 de agosto y hasta el 28 de septiembre. Y este viernes, el gobernador present\u00f3 una l\u00ednea especial del Nuevo Banco del Chaco que consiste en la unificaci\u00f3n de deuda con seis meses de gracia. La iniciativa, dirigida a los sectores activo y pasivo de la Administraci\u00f3n P\u00fablica, consiste en la unificaci\u00f3n de deudas que posean en la entidad financiera, ampliando plazos y aplicando una tasa bonificada. Adem\u00e1s, se pone a disposici\u00f3n la posibilidad de acceder a un periodo de gracia de 6 meses, lo cual permitir\u00e1 una liberaci\u00f3n a\u00fan mayor de los ingresos mensuales para lo que resta del a\u00f1o. En n\u00fameros, la medida alcanzar\u00e1 a 23.999 activos y pasivos, por un stock de 12.334 millones de pesos que permitir\u00e1 liberar hasta un 25% del ingreso disponible, dependiendo de cada caso.<\/p>\n<p>\u201cMejorar el poder adquisitivo y el ingreso disponible de las familias\u201d<\/p>\n<p>\u201cEsto forma parte de medidas estructurales, porque basamos nuestra pol\u00edtica en mejorar el poder adquisitivo del salario de las y los trabajadores p\u00fablicos, pero tambi\u00e9n el ingreso de las familias que perciben otro tipo de remuneraciones\u201d, insisti\u00f3 Capitanich.<br \/>\n El gobernador se\u00f1al\u00f3 que desde la administraci\u00f3n \u201chacemos el m\u00e1ximo esfuerzo con las limitadas herramientas que tenemos en el Estado provincial para tratar de morigerar el impacto negativo hacia el pueblo trabajador y tambi\u00e9n hacia las familias chaque\u00f1as\u201d.<\/p>\n<p>Por otra parte, destac\u00f3 el impacto positivo de las medidas en favor del sector comercial: \u201cesto representa un influjo de recursos que ineludiblemente favorece a comerciantes, industriales, y a productores, para que todos los bienes y servicios que se producen en la provincia tambi\u00e9n encuentren capacidad de compra\u201d.<\/p>\n<p>\u201cMuchas veces los comerciantes, industriales y productores se quejan del sistema de seguridad social y dicen que las transferencias de seguridad social no deber\u00edan existir. El flujo m\u00e1ximo de pagos de remuneraciones para el mes de agosto equivale a 27.000 millones de pesos para el sector p\u00fablico provincial. Y el sistema de seguridad social, m\u00e1s o menos 28.000 millones de pesos\u201d, inform\u00f3.<\/p>\n<p>Y explic\u00f3 que ambas cifras, \u201csignifican claramente una estrategia cercana a los 55.000 millones de pesos de transferencias de recursos a familias, que a su vez potencia la comercializaci\u00f3n de bienes y servicios en comercios, industrias, bares, restaurantes, casas comerciales, ferreter\u00edas. Por lo tanto, es muy importante reconocer el rol del Estado\u201d, finaliz\u00f3.<\/p><\/div>\n","protected":false},"excerpt":{"rendered":"<p>El gobernador se refiri\u00f3 a la serie de pol\u00edticas presentadas en los \u00faltimos d\u00edas, orientadas a mejorar el poder adquisitivo de las y los trabajadores, y el ingreso disponible de las familias chaque\u00f1as. El gobernador Jorge Capitanich destac\u00f3 las pol\u00edticas de alivio financiero y apuntalamiento de las econom\u00edas familiares impulsadas por el Gobierno provincial. Aumento [&hellip;]<\/p>\n","protected":false},"author":1,"featured_media":25496,"comment_status":"closed","ping_status":"closed","sticky":false,"template":"","format":"standard","meta":{"footnotes":""},"categories":[6],"tags":[],"class_list":{"0":"post-25495","1":"post","2":"type-post","3":"status-publish","4":"format-standard","5":"has-post-thumbnail","7":"category-chaco"},"_links":{"self":[{"href":"https:\/\/chacosintesis.com.ar\/index.php\/wp-json\/wp\/v2\/posts\/25495","targetHints":{"allow":["GET"]}}],"collection":[{"href":"https:\/\/chacosintesis.com.ar\/index.php\/wp-json\/wp\/v2\/posts"}],"about":[{"href":"https:\/\/chacosintesis.com.ar\/index.php\/wp-json\/wp\/v2\/types\/post"}],"author":[{"embeddable":true,"href":"https:\/\/chacosintesis.com.ar\/index.php\/wp-json\/wp\/v2\/users\/1"}],"replies":[{"embeddable":true,"href":"https:\/\/chacosintesis.com.ar\/index.php\/wp-json\/wp\/v2\/comments?post=25495"}],"version-history":[{"count":0,"href":"https:\/\/chacosintesis.com.ar\/index.php\/wp-json\/wp\/v2\/posts\/25495\/revisions"}],"wp:featuredmedia":[{"embeddable":true,"href":"https:\/\/chacosintesis.com.ar\/index.php\/wp-json\/wp\/v2\/media\/25496"}],"wp:attachment":[{"href":"https:\/\/chacosintesis.com.ar\/index.php\/wp-json\/wp\/v2\/media?parent=25495"}],"wp:term":[{"taxonomy":"category","embeddable":true,"href":"https:\/\/chacosintesis.com.ar\/index.php\/wp-json\/wp\/v2\/categories?post=25495"},{"taxonomy":"post_tag","embeddable":true,"href":"https:\/\/chacosintesis.com.ar\/index.php\/wp-json\/wp\/v2\/tags?post=25495"}],"curies":[{"name":"wp","href":"https:\/\/api.w.org\/{rel}","templated":true}]}}