{"id":25493,"date":"2023-08-19T17:33:41","date_gmt":"2023-08-19T20:33:41","guid":{"rendered":"https:\/\/chacosintesis.com.ar\/?p=25493"},"modified":"2023-08-19T17:37:30","modified_gmt":"2023-08-19T20:37:30","slug":"el-gobernador-se-reunio-con-vecinos-de-resistencia-y-resalto-que-para-hacer-primero-hay-que-escuchar","status":"publish","type":"post","link":"https:\/\/chacosintesis.com.ar\/index.php\/el-gobernador-se-reunio-con-vecinos-de-resistencia-y-resalto-que-para-hacer-primero-hay-que-escuchar\/","title":{"rendered":"El gobernador se reuni\u00f3 con vecinos de Resistencia y resalt\u00f3 que \u201cpara hacer primero hay que escuchar\u201d"},"content":{"rendered":"<div class=\"postie-post\">Luego de los encuentros, Capitanich garantiz\u00f3 que van a trabajar en los pedidos manifestados por vecinos y vecinas.<br \/>\nEl gobernador Jorge Capitanich mantuvo, este s\u00e1bado, dos encuentros con las respectivas comisiones vecinales de Villa Prosperidad, Villa Itat\u00ed y los barrios aleda\u00f1os. Mejoramiento de infraestructura, seguridad, iluminaci\u00f3n, desag\u00fces y limpieza de espacios p\u00fablicos, fueron algunos de los ejes que abord\u00f3 con las y los vecinos. De esta manera contin\u00faa su agenda de cercan\u00eda para coordinar acciones y llevar respuestas a demandas m\u00e1s urgentes en las diferentes barriadas.<br \/>\n\u201cImpulsamos estos encuentros, dentro de la amplia agenda de gobierno, para fortalecerla con la participaci\u00f3n de las vecinas y los vecinos, y promover acciones en conjunto para mejorar su calidad de vida y garantizar derechos\u201d, se\u00f1al\u00f3 el mandatario.<br \/>\nEn la oportunidad se trazaron acciones como mejoras en el ripio de algunas calles, m\u00e1s alumbrado p\u00fablico y seguridad, infraestructura escolar, pavimento, y mejoramiento de las Iglesias y espacios p\u00fablicos. En Villa Prosperidad tambi\u00e9n se plante\u00f3 la necesidad de mejora en el funcionamiento de la L\u00ednea 3 de transporte urbano de pasajeros.<br \/>\n\u201cMuchas cuestiones son de incumbencia municipal, pero estamos para cooperar en los temas que interesan a las y los vecinos, no es f\u00e1cil estar presente en todos lados pero tratamos de estar con cercan\u00eda promoviendo acciones para mejorar la calidad de vida de la comunidad\u201d, asegur\u00f3 el gobernador.<br \/>\nEl vicepresidente de la Comisi\u00f3n Vecinal de Villa Itat\u00ed Roberto S\u00e1nchez valor\u00f3 la presencia y la oportunidad de di\u00e1logo directo con el gobernador Capitanich. \u201cEra un pedido de la comisi\u00f3n y cumpli\u00f3 en venir a escuchar a los vecinos y ponerse a disposici\u00f3n para trabajar inmediatamente en estos temas, estamos agradecidos de haber podido concretar este encuentro\u201d, dijo.<br \/>\nParticiparon vecinos y vecinas de los barrios Independencia, 60 viviendas, Nazareno, Udocha, UOM, Metal\u00fargico, Supe, Cosecha, Gastron\u00f3mico, Villa Itat\u00ed y Central Norte.<\/div>\n","protected":false},"excerpt":{"rendered":"<p>Luego de los encuentros, Capitanich garantiz\u00f3 que van a trabajar en los pedidos manifestados por vecinos y vecinas. El gobernador Jorge Capitanich mantuvo, este s\u00e1bado, dos encuentros con las respectivas comisiones vecinales de Villa Prosperidad, Villa Itat\u00ed y los barrios aleda\u00f1os. Mejoramiento de infraestructura, seguridad, iluminaci\u00f3n, desag\u00fces y limpieza de espacios p\u00fablicos, fueron algunos de [&hellip;]<\/p>\n","protected":false},"author":1,"featured_media":25494,"comment_status":"closed","ping_status":"closed","sticky":false,"template":"","format":"standard","meta":{"footnotes":""},"categories":[6],"tags":[],"class_list":{"0":"post-25493","1":"post","2":"type-post","3":"status-publish","4":"format-standard","5":"has-post-thumbnail","7":"category-chaco"},"_links":{"self":[{"href":"https:\/\/chacosintesis.com.ar\/index.php\/wp-json\/wp\/v2\/posts\/25493","targetHints":{"allow":["GET"]}}],"collection":[{"href":"https:\/\/chacosintesis.com.ar\/index.php\/wp-json\/wp\/v2\/posts"}],"about":[{"href":"https:\/\/chacosintesis.com.ar\/index.php\/wp-json\/wp\/v2\/types\/post"}],"author":[{"embeddable":true,"href":"https:\/\/chacosintesis.com.ar\/index.php\/wp-json\/wp\/v2\/users\/1"}],"replies":[{"embeddable":true,"href":"https:\/\/chacosintesis.com.ar\/index.php\/wp-json\/wp\/v2\/comments?post=25493"}],"version-history":[{"count":0,"href":"https:\/\/chacosintesis.com.ar\/index.php\/wp-json\/wp\/v2\/posts\/25493\/revisions"}],"wp:featuredmedia":[{"embeddable":true,"href":"https:\/\/chacosintesis.com.ar\/index.php\/wp-json\/wp\/v2\/media\/25494"}],"wp:attachment":[{"href":"https:\/\/chacosintesis.com.ar\/index.php\/wp-json\/wp\/v2\/media?parent=25493"}],"wp:term":[{"taxonomy":"category","embeddable":true,"href":"https:\/\/chacosintesis.com.ar\/index.php\/wp-json\/wp\/v2\/categories?post=25493"},{"taxonomy":"post_tag","embeddable":true,"href":"https:\/\/chacosintesis.com.ar\/index.php\/wp-json\/wp\/v2\/tags?post=25493"}],"curies":[{"name":"wp","href":"https:\/\/api.w.org\/{rel}","templated":true}]}}