{"id":25489,"date":"2023-08-19T17:29:03","date_gmt":"2023-08-19T20:29:03","guid":{"rendered":"https:\/\/chacosintesis.com.ar\/?p=25489"},"modified":"2023-08-19T17:37:20","modified_gmt":"2023-08-19T20:37:20","slug":"espacios-participativos-por-la-construccion-del-segundo-puente-chaco-corrientes","status":"publish","type":"post","link":"https:\/\/chacosintesis.com.ar\/index.php\/espacios-participativos-por-la-construccion-del-segundo-puente-chaco-corrientes\/","title":{"rendered":"Espacios participativos por la construcci\u00f3n del segundo puente Chaco-Corrientes"},"content":{"rendered":"<div class=\"postie-post\">La ejecuci\u00f3n de esta obra ser\u00e1 la segunda conexi\u00f3n f\u00edsica interprovincial y permitir\u00e1 descongestionar a las ciudades costeras del tr\u00e1nsito pesado. Adem\u00e1s, optimizar\u00e1 la conexi\u00f3n de las principales rutas de la regi\u00f3n fortaleciendo la circulaci\u00f3n del Corredor Bioce\u00e1nico Norte.<br \/>\nEl Ministerio de Obras P\u00fablicas, a trav\u00e9s de Vialidad Nacional, informa que los pasados 16 y 17 de agosto se realizaron en las provincias de Corrientes y Chaco, respectivamente, jornadas de espacio participativo por la obra \u201cMejora de conectividad Chaco-Corrientes: nuevo puente sobre el r\u00edo Paran\u00e1\u201d. Las mismas se efectuaron de manera presencial y virtual y contaron, durante los dos d\u00edas, con un total de 230 participantes.<br \/>\nAmbas jornadas fueron encabezadas por el jefe del 10\u00b0 Distrito Corrientes, Daniel Flores, y su par del 18\u00b0 Distrito Chaco, Alejandra Vilela. En Chaco, adem\u00e1s, estuvieron presentes el gobernador de la provincia, Jorge Capitanich, la vicegobernadora Anal\u00eda Rach Quiroga, y el diputado provincial Hugo Sager. De manera virtual particip\u00f3 la diputada nacional Lucila Mas\u00edn.<br \/>\nAsimismo, los encuentros fueron moderados y contaron con las explicaciones referidas a cuestiones t\u00e9cnicas, de participaci\u00f3n social y de impacto socioambiental por parte del subgerente de Estudios y Proyectos Viales de Vialidad Nacional, Carlos Bordagaray, del subgerente de Atenci\u00f3n al Usuario, Mart\u00edn Zangirolami; y la jefa de la Divisi\u00f3n Mitigaci\u00f3n de la subgerencia de Estudios Socioambientales del organismo vial, Sabina Yunis; respectivamente. Durante los espacios se explicit\u00f3 el proyecto del nuevo puente y accesos sobre el r\u00edo Paran\u00e1 que permitir\u00e1 establecer una mejor conexi\u00f3n f\u00edsica entre las ciudades de Resistencia y Corrientes, y se dieron a conocer los estudios de impacto ambiental que fueron realizados para llevar adelante dicho proyecto.<br \/>\nEn este contexto, Jorge Capitanich dio inicio al espacio chaque\u00f1o y destac\u00f3 la importancia de la obra. \u201cEn esta instancia reafirmo mi total respaldo a esta iniciativa, una obra emblem\u00e1tica y trascendental para la regi\u00f3n. Este es uno de los \u00faltimos pasos, por eso agradecemos a quienes se han inscripto en representaci\u00f3n de personas jur\u00eddicas y f\u00edsicas, para promover una participaci\u00f3n democr\u00e1tica y ciudadana respecto a la estrategia de financiamiento\u201d, expres\u00f3 el gobernador.<br \/>\nCabe aclarar que estos espacios representan las \u00faltimas instancias de consultas de las partes interesadas, requisito establecido por Banco Interamericano de Desarrollo (BID) para evaluar el otorgamiento del financiamiento que permitir\u00e1 concretar el proyecto.<br \/>\nEspacios participativos<br \/>\nLuego de las respectivas presentaciones de Vialidad Nacional, el p\u00fablico que estuvo presente de manera online y presencial pudo realizar preguntas y consultas referidas a diversos temas: estructura y dise\u00f1o del puente, traza por donde pasar\u00e1, plazos de ejecuci\u00f3n, detalles de los estudios realizados, etc. Las mismas fueron respondidas por los expositores concurrentes, aunque pr\u00f3ximamente estar\u00e1 disponible en la p\u00e1gina web de Vialidad Nacional el informe final, donde figurar\u00e1 de manera acabada la respuesta a cada consulta presentada por el p\u00fablico.<\/div>\n","protected":false},"excerpt":{"rendered":"<p>La ejecuci\u00f3n de esta obra ser\u00e1 la segunda conexi\u00f3n f\u00edsica interprovincial y permitir\u00e1 descongestionar a las ciudades costeras del tr\u00e1nsito pesado. Adem\u00e1s, optimizar\u00e1 la conexi\u00f3n de las principales rutas de la regi\u00f3n fortaleciendo la circulaci\u00f3n del Corredor Bioce\u00e1nico Norte. El Ministerio de Obras P\u00fablicas, a trav\u00e9s de Vialidad Nacional, informa que los pasados 16 y [&hellip;]<\/p>\n","protected":false},"author":1,"featured_media":25490,"comment_status":"closed","ping_status":"closed","sticky":false,"template":"","format":"standard","meta":{"footnotes":""},"categories":[6],"tags":[],"class_list":{"0":"post-25489","1":"post","2":"type-post","3":"status-publish","4":"format-standard","5":"has-post-thumbnail","7":"category-chaco"},"_links":{"self":[{"href":"https:\/\/chacosintesis.com.ar\/index.php\/wp-json\/wp\/v2\/posts\/25489","targetHints":{"allow":["GET"]}}],"collection":[{"href":"https:\/\/chacosintesis.com.ar\/index.php\/wp-json\/wp\/v2\/posts"}],"about":[{"href":"https:\/\/chacosintesis.com.ar\/index.php\/wp-json\/wp\/v2\/types\/post"}],"author":[{"embeddable":true,"href":"https:\/\/chacosintesis.com.ar\/index.php\/wp-json\/wp\/v2\/users\/1"}],"replies":[{"embeddable":true,"href":"https:\/\/chacosintesis.com.ar\/index.php\/wp-json\/wp\/v2\/comments?post=25489"}],"version-history":[{"count":0,"href":"https:\/\/chacosintesis.com.ar\/index.php\/wp-json\/wp\/v2\/posts\/25489\/revisions"}],"wp:featuredmedia":[{"embeddable":true,"href":"https:\/\/chacosintesis.com.ar\/index.php\/wp-json\/wp\/v2\/media\/25490"}],"wp:attachment":[{"href":"https:\/\/chacosintesis.com.ar\/index.php\/wp-json\/wp\/v2\/media?parent=25489"}],"wp:term":[{"taxonomy":"category","embeddable":true,"href":"https:\/\/chacosintesis.com.ar\/index.php\/wp-json\/wp\/v2\/categories?post=25489"},{"taxonomy":"post_tag","embeddable":true,"href":"https:\/\/chacosintesis.com.ar\/index.php\/wp-json\/wp\/v2\/tags?post=25489"}],"curies":[{"name":"wp","href":"https:\/\/api.w.org\/{rel}","templated":true}]}}