{"id":25487,"date":"2023-08-19T17:26:46","date_gmt":"2023-08-19T20:26:46","guid":{"rendered":"https:\/\/chacosintesis.com.ar\/?p=25487"},"modified":"2023-08-19T17:37:11","modified_gmt":"2023-08-19T20:37:11","slug":"informacion-sobre-la-detencion-de-una-persona-vinculada-a-un-caso-de-abuso-sexual-en-la-infancia","status":"publish","type":"post","link":"https:\/\/chacosintesis.com.ar\/index.php\/informacion-sobre-la-detencion-de-una-persona-vinculada-a-un-caso-de-abuso-sexual-en-la-infancia\/","title":{"rendered":"Informaci\u00f3n sobre la detenci\u00f3n de una persona vinculada a un caso de abuso sexual en la infancia"},"content":{"rendered":"<div class=\"postie-post\">Se trata de un hombre de 45 a\u00f1os que fue detenido y puesto a disposici\u00f3n de la Justicia. A la par, se realiza otra investigaci\u00f3n para dar con la persona que fue v\u00edctima de abuso sexual. Se solicita a los medios de comunicaci\u00f3n responsabilidad en las coberturas que involucran derechos de las infancias.<br \/>\nDe acuerdo al informe de la Polic\u00eda del Chaco, la Divisi\u00f3n de Ciberdelitos contra la Ni\u00f1ez y Adolescencia llev\u00f3 a cabo un operativo que concluy\u00f3 en la aprehensi\u00f3n de un hombre que ten\u00eda guardado en la &#8220;nube&#8221; de su celular supuesto material de abuso sexual infantil.<br \/>\nEl hecho fue alertado por la ministra de Seguridad y Justicia, Gloria Zalazar, quien report\u00f3 mensajes an\u00f3nimos que alertaban sobre la difusi\u00f3n de im\u00e1genes inapropiadas vinculadas a situaciones de abuso sexual en la infancia en un grupo de WhatsApp llamado &#8220;Expertos 1&#8221;. Posteriormente, la ministra de Salud P\u00fablica, Carolina Centeno, formaliz\u00f3 la denuncia tras recibir los mismos mensajes con fotograf\u00edas inapropiadas.<br \/>\nCon la denuncia formal, el personal de la Divisi\u00f3n de Cibercrimen inici\u00f3 una investigaci\u00f3n, logrando as\u00ed identificar al propietario del celular en un barrio de Resistencia y solicit\u00f3 intervenci\u00f3n a la fiscal\u00eda de investigaci\u00f3n Penal N\u00b013 a cargo V\u00edctor Recio, especialista en delitos inform\u00e1ticos.<br \/>\nAs\u00ed, se detuvo a un hombre de 45 a\u00f1os, quien el d\u00eda anterior denunci\u00f3 el robo de su motocicleta y un celular en la Comisar\u00eda Quinta de Resistencia. Lo que se presume es que el ladr\u00f3n del celular tom\u00f3 capturas y expuso al due\u00f1o del dispositivo en los grupos de Whatsapp que pose\u00eda. As\u00ed, llegaron los mensajes a manos de otras personas y de las ministras mencionadas.<br \/>\nEl hombre qued\u00f3 detenido y fue puesto a disposici\u00f3n de la Justicia. A la par, se realiza otra investigaci\u00f3n para dar con la persona que fue v\u00edctima de abuso sexual en la infancia y que fue expuesta en las fotos.<br \/>\nProtecci\u00f3n de las infancias y coberturas responsables<br \/>\nEl gobierno provincial recuerda la importancia de que los medios de comunicaci\u00f3n realicen coberturas period\u00edsticas con perspectiva de derechos en casos en los que est\u00e9n involucrados ni\u00f1os, ni\u00f1as y adolescentes.<br \/>\nSe recomienda no difundir datos personales y fotograf\u00edas de ni\u00f1as, ni\u00f1os y adolescentes y su grupo familiar, ya que se podr\u00eda incurrir en una vulneraci\u00f3n de su derecho a la intimidad, a su derecho a la dignidad y que permitan individualizarlos.<br \/>\nLa necesidad de protecci\u00f3n se fundamenta en la normativa legal vigente que incluye a la Ley Nacional N\u00b0 26.061 de Protecci\u00f3n Integral de Derechos de Ni\u00f1as, Ni\u00f1os y Adolescentes; Ley provincial N\u00b0 2086-C y Ley de Servicios de Comunicaci\u00f3n Audiovisual N\u00b0 26.522.<\/div>\n","protected":false},"excerpt":{"rendered":"<p>Se trata de un hombre de 45 a\u00f1os que fue detenido y puesto a disposici\u00f3n de la Justicia. A la par, se realiza otra investigaci\u00f3n para dar con la persona que fue v\u00edctima de abuso sexual. Se solicita a los medios de comunicaci\u00f3n responsabilidad en las coberturas que involucran derechos de las infancias. De acuerdo [&hellip;]<\/p>\n","protected":false},"author":1,"featured_media":25488,"comment_status":"closed","ping_status":"closed","sticky":false,"template":"","format":"standard","meta":{"footnotes":""},"categories":[6],"tags":[],"class_list":{"0":"post-25487","1":"post","2":"type-post","3":"status-publish","4":"format-standard","5":"has-post-thumbnail","7":"category-chaco"},"_links":{"self":[{"href":"https:\/\/chacosintesis.com.ar\/index.php\/wp-json\/wp\/v2\/posts\/25487","targetHints":{"allow":["GET"]}}],"collection":[{"href":"https:\/\/chacosintesis.com.ar\/index.php\/wp-json\/wp\/v2\/posts"}],"about":[{"href":"https:\/\/chacosintesis.com.ar\/index.php\/wp-json\/wp\/v2\/types\/post"}],"author":[{"embeddable":true,"href":"https:\/\/chacosintesis.com.ar\/index.php\/wp-json\/wp\/v2\/users\/1"}],"replies":[{"embeddable":true,"href":"https:\/\/chacosintesis.com.ar\/index.php\/wp-json\/wp\/v2\/comments?post=25487"}],"version-history":[{"count":0,"href":"https:\/\/chacosintesis.com.ar\/index.php\/wp-json\/wp\/v2\/posts\/25487\/revisions"}],"wp:featuredmedia":[{"embeddable":true,"href":"https:\/\/chacosintesis.com.ar\/index.php\/wp-json\/wp\/v2\/media\/25488"}],"wp:attachment":[{"href":"https:\/\/chacosintesis.com.ar\/index.php\/wp-json\/wp\/v2\/media?parent=25487"}],"wp:term":[{"taxonomy":"category","embeddable":true,"href":"https:\/\/chacosintesis.com.ar\/index.php\/wp-json\/wp\/v2\/categories?post=25487"},{"taxonomy":"post_tag","embeddable":true,"href":"https:\/\/chacosintesis.com.ar\/index.php\/wp-json\/wp\/v2\/tags?post=25487"}],"curies":[{"name":"wp","href":"https:\/\/api.w.org\/{rel}","templated":true}]}}