{"id":25477,"date":"2023-08-19T17:18:01","date_gmt":"2023-08-19T20:18:01","guid":{"rendered":"https:\/\/chacosintesis.com.ar\/?p=25477"},"modified":"2023-08-19T17:36:48","modified_gmt":"2023-08-19T20:36:48","slug":"familias-de-resistencia-recibieron-sus-nuevas-viviendas-en-el-barrio-las-palmeras","status":"publish","type":"post","link":"https:\/\/chacosintesis.com.ar\/index.php\/familias-de-resistencia-recibieron-sus-nuevas-viviendas-en-el-barrio-las-palmeras\/","title":{"rendered":"Familias de Resistencia recibieron sus nuevas viviendas en el barrio Las Palmeras"},"content":{"rendered":"<div class=\"postie-post\">El gobernador realiz\u00f3 una nueva entrega oficial a las personas adjudicadas.<br \/>\nEste s\u00e1bado por la ma\u00f1ana el gobernador Jorge Capitanich visit\u00f3 a familias del barrio Las Palmeras de Resistencia, donde entreg\u00f3 nuevas viviendas a beneficiarios para garantizar el derecho al techo digno.<br \/>\n\u201cPor la ma\u00f1ana llegamos al barrio Las Palmeras para entregar nuevas viviendas a las vecinas Marine y Abigail. Cada soluci\u00f3n habitacional no solo significa una oportunidad para vivir mejor para las familias, sino tambi\u00e9n trabajo para los obreros que construyen estas viviendas y pueden mejorar su calidad de vida\u201d, expres\u00f3 el gobernador desde sus redes sociales.<\/div>\n","protected":false},"excerpt":{"rendered":"<p>El gobernador realiz\u00f3 una nueva entrega oficial a las personas adjudicadas. Este s\u00e1bado por la ma\u00f1ana el gobernador Jorge Capitanich visit\u00f3 a familias del barrio Las Palmeras de Resistencia, donde entreg\u00f3 nuevas viviendas a beneficiarios para garantizar el derecho al techo digno. \u201cPor la ma\u00f1ana llegamos al barrio Las Palmeras para entregar nuevas viviendas a [&hellip;]<\/p>\n","protected":false},"author":1,"featured_media":25478,"comment_status":"closed","ping_status":"closed","sticky":false,"template":"","format":"standard","meta":{"footnotes":""},"categories":[6],"tags":[],"class_list":{"0":"post-25477","1":"post","2":"type-post","3":"status-publish","4":"format-standard","5":"has-post-thumbnail","7":"category-chaco"},"_links":{"self":[{"href":"https:\/\/chacosintesis.com.ar\/index.php\/wp-json\/wp\/v2\/posts\/25477","targetHints":{"allow":["GET"]}}],"collection":[{"href":"https:\/\/chacosintesis.com.ar\/index.php\/wp-json\/wp\/v2\/posts"}],"about":[{"href":"https:\/\/chacosintesis.com.ar\/index.php\/wp-json\/wp\/v2\/types\/post"}],"author":[{"embeddable":true,"href":"https:\/\/chacosintesis.com.ar\/index.php\/wp-json\/wp\/v2\/users\/1"}],"replies":[{"embeddable":true,"href":"https:\/\/chacosintesis.com.ar\/index.php\/wp-json\/wp\/v2\/comments?post=25477"}],"version-history":[{"count":0,"href":"https:\/\/chacosintesis.com.ar\/index.php\/wp-json\/wp\/v2\/posts\/25477\/revisions"}],"wp:featuredmedia":[{"embeddable":true,"href":"https:\/\/chacosintesis.com.ar\/index.php\/wp-json\/wp\/v2\/media\/25478"}],"wp:attachment":[{"href":"https:\/\/chacosintesis.com.ar\/index.php\/wp-json\/wp\/v2\/media?parent=25477"}],"wp:term":[{"taxonomy":"category","embeddable":true,"href":"https:\/\/chacosintesis.com.ar\/index.php\/wp-json\/wp\/v2\/categories?post=25477"},{"taxonomy":"post_tag","embeddable":true,"href":"https:\/\/chacosintesis.com.ar\/index.php\/wp-json\/wp\/v2\/tags?post=25477"}],"curies":[{"name":"wp","href":"https:\/\/api.w.org\/{rel}","templated":true}]}}