{"id":25469,"date":"2023-08-18T19:37:23","date_gmt":"2023-08-18T22:37:23","guid":{"rendered":"https:\/\/chacosintesis.com.ar\/?p=25469"},"modified":"2023-08-18T20:11:05","modified_gmt":"2023-08-18T23:11:05","slug":"seria-advertencia-de-prestadores-de-salud-privada-sobre-afiliados-de-las-obras-sociales","status":"publish","type":"post","link":"https:\/\/chacosintesis.com.ar\/index.php\/seria-advertencia-de-prestadores-de-salud-privada-sobre-afiliados-de-las-obras-sociales\/","title":{"rendered":"Seria advertencia de prestadores de salud privada sobre afiliados de las obras sociales"},"content":{"rendered":"<div class=\"postie-post\">Entidades chaque\u00f1as dicen que atraviesan una coyuntura cr\u00edtica por los efectos de la devaluaci\u00f3n. Piden medidas y dejan abierta la posibilidad de adoptar una determinaci\u00f3n dr\u00e1stica.<\/p>\n<p>Entidades que representan a buena parte de los prestadores privados del sistema de salud del Chaco advirtieron a las autoridades del Estado y a los responsables de las obras sociales que est\u00e1n afrontando una situaci\u00f3n cr\u00edtica por los efectos de la fuerte devaluaci\u00f3n del peso, y alertaron que si no hay respuestas adecuadas urgentes a ese cuadro podr\u00edan verse obligadas a cobrar las prestaciones directamente a los pacientes, para que \u00e9stos las abonen con su dinero.<br \/>\nEn los hechos, ser\u00eda el cese de la cobertura de las obras sociales en las instituciones de la red privada contenidas en las instituciones que suscriben el pronunciamiento hecho llegar a NORTE.<br \/>\nSIN PRECIOS Y A CIEGAS<br \/>\nEl documento est\u00e1 suscripto por la Asociaci\u00f3n de Cl\u00ednicas y Sanatorios del Chaco, el Colegio M\u00e9dico del Chaco, la Asociaci\u00f3n Chaque\u00f1a de Anestesiolog\u00eda, Analgesia y Reanimaci\u00f3n, y la Federaci\u00f3n M\u00e9dica del Chaco.<br \/>\nEsas entidades, a trav\u00e9s del texto difundido, se dirigen a &#8220;las autoridades, los financiadores y la poblaci\u00f3n en general&#8221; para advertir que &#8220;desde el d\u00eda lunes no han podido adquirir los insumos, descartables y medicamentos de uso imprescindible para realizar las pr\u00e1cticas m\u00e9dicas habituales&#8221; que se brindan a los pacientes del sistema de salud privada.<br \/>\n Prestadores de sanatorios, corporaciones m\u00e9dicas y asociaciones profesionales describen una situaci\u00f3n cr\u00edtica por la nueva devaluaci\u00f3n brusca del peso.<br \/>\n&#8220;Esta falta de provisi\u00f3n pone en riesgo la atenci\u00f3n de la salud de la poblaci\u00f3n en el corto plazo&#8221;, alerta a continuaci\u00f3n.<br \/>\n&#8220;AUMENTOS DESMESURADOS&#8221;<br \/>\nA ello suman que&#8221;se han producido aumentos desmesurados (en los precios) que ponen, desde otra perspectiva, en serio riesgo la actividad de las instituciones, que se ver\u00e1n imposibilitadas de funcionar en estas condiciones&#8221;.<br \/>\n&#8220;En la mayor\u00eda de los casos no se proveen los insumos; en menor medida algunos pocos son entregados solo con remito y sin precio&#8221;, relatan.<br \/>\nLa situaci\u00f3n, as\u00ed, replica las serias dificultades que surgieron en pr\u00e1cticamente todas las actividades econ\u00f3micas por la disparada del precio del d\u00f3lar blue tras las elecciones primarias nacionales del domingo pasado, y la devaluaci\u00f3n del 20% dispuesta por el gobierno en la cotizaci\u00f3n oficial de la divisa norteamericana. Ambas circunstancias dispararon un aluvi\u00f3n de remarcaciones de precios y, en muchos casos, la indisponibilidad de art\u00edculos y bienes de consumo, porque fabricantes, distribuidores y vendedores prefieren suspender las ventas antes que realizarlas a valores que no saben si estar\u00e1n a la altura de la evoluci\u00f3n inflacionaria inmediata.<br \/>\n&#8220;PAGOS DE BOLSILLO&#8221;<br \/>\nLa declaraci\u00f3n de los prestadores prosigue indicando que &#8220;se suma al desabastecimiento el desfinanciamiento preexistente, producto de los plazos prolongados para percibir las prestaciones brindadas, y en muchos casos efectuadas por debajo del costo real&#8221;. Se refieren as\u00ed a los plazos con los que las obras sociales pagan los servicios m\u00e9dicos y sanatoriales brindados a sus afiliados, y a que las entidades desde hace muchos a\u00f1os dicen que los aranceles que se abonan por las distintas coberturas no se corresponden con los costos que demanda brindarlas.<br \/>\nEn ese punto, los prestadores dicen que su sector &#8220;necesita del financiamiento inmediato&#8221; por tratarse la salud privada de &#8220;una actividad que no se puede \u2018stockear\u2019 o detener, como hacen quienes proveen los insumos m\u00e9dicos&#8221;.<br \/>\n&#8220;La salud de la poblaci\u00f3n no puede esperar&#8221;, agrega el documento, y all\u00ed realiza una advertencia candente: &#8220;Teniendo cuenta que, en general, el cobro de los servicios no se produce antes de los 90 d\u00edas de realizada la prestaci\u00f3n, si los financiadores (las obras sociales) no hacen frente inmediato a la suba de precios reconociendo el verdadero costo de las prestaciones brindadas a sus afiliados y adem\u00e1s no adecuan los plazos de pago, el sector est\u00e1 evaluando el traslado de dichos costos al beneficiario de la prestaci\u00f3n con el llamado \u2018pago de bolsillo\u2019 con el fin de garantizar la continuidad de la atenci\u00f3n m\u00e9dica&#8221;.<\/p>\n<p>DIARIO NORTE.-<\/p><\/div>\n","protected":false},"excerpt":{"rendered":"<p>Entidades chaque\u00f1as dicen que atraviesan una coyuntura cr\u00edtica por los efectos de la devaluaci\u00f3n. Piden medidas y dejan abierta la posibilidad de adoptar una determinaci\u00f3n dr\u00e1stica. Entidades que representan a buena parte de los prestadores privados del sistema de salud del Chaco advirtieron a las autoridades del Estado y a los responsables de las obras [&hellip;]<\/p>\n","protected":false},"author":1,"featured_media":25470,"comment_status":"closed","ping_status":"closed","sticky":false,"template":"","format":"standard","meta":{"footnotes":""},"categories":[6],"tags":[],"class_list":{"0":"post-25469","1":"post","2":"type-post","3":"status-publish","4":"format-standard","5":"has-post-thumbnail","7":"category-chaco"},"_links":{"self":[{"href":"https:\/\/chacosintesis.com.ar\/index.php\/wp-json\/wp\/v2\/posts\/25469","targetHints":{"allow":["GET"]}}],"collection":[{"href":"https:\/\/chacosintesis.com.ar\/index.php\/wp-json\/wp\/v2\/posts"}],"about":[{"href":"https:\/\/chacosintesis.com.ar\/index.php\/wp-json\/wp\/v2\/types\/post"}],"author":[{"embeddable":true,"href":"https:\/\/chacosintesis.com.ar\/index.php\/wp-json\/wp\/v2\/users\/1"}],"replies":[{"embeddable":true,"href":"https:\/\/chacosintesis.com.ar\/index.php\/wp-json\/wp\/v2\/comments?post=25469"}],"version-history":[{"count":0,"href":"https:\/\/chacosintesis.com.ar\/index.php\/wp-json\/wp\/v2\/posts\/25469\/revisions"}],"wp:featuredmedia":[{"embeddable":true,"href":"https:\/\/chacosintesis.com.ar\/index.php\/wp-json\/wp\/v2\/media\/25470"}],"wp:attachment":[{"href":"https:\/\/chacosintesis.com.ar\/index.php\/wp-json\/wp\/v2\/media?parent=25469"}],"wp:term":[{"taxonomy":"category","embeddable":true,"href":"https:\/\/chacosintesis.com.ar\/index.php\/wp-json\/wp\/v2\/categories?post=25469"},{"taxonomy":"post_tag","embeddable":true,"href":"https:\/\/chacosintesis.com.ar\/index.php\/wp-json\/wp\/v2\/tags?post=25469"}],"curies":[{"name":"wp","href":"https:\/\/api.w.org\/{rel}","templated":true}]}}